{"id":21618,"date":"2022-10-18T18:20:45","date_gmt":"2022-10-18T21:20:45","guid":{"rendered":"http:\/\/informeagropecuario.com.ar\/?p=21618"},"modified":"2022-10-18T18:20:45","modified_gmt":"2022-10-18T21:20:45","slug":"agudizar-el-ingenio-el-gobierno-busca-inventar-una-medida-similar-al-dolar-soja-para-evitar-una-devaluacion","status":"publish","type":"post","link":"https:\/\/informeagropecuario.com.ar\/?p=21618","title":{"rendered":"\u00abAgudizar el ingenio\u00bb: el Gobierno busca inventar una medida similar al d\u00f3lar soja para evitar una devaluaci\u00f3n"},"content":{"rendered":"<p>El secretario de Agricultura, Juan Jos\u00e9 Bahillo, tambi\u00e9n advirti\u00f3 sobre el impacto de la sequ\u00eda: \u00abHay preocupaci\u00f3n\u00bb<!--more--><\/p>\n<p><strong>\u00abNo hay decisi\u00f3n de una devaluaci\u00f3n brusca.<\/strong>\u00a0Entendemos que esto genera m\u00e1s problemas en los sectores m\u00e1s vulnerables y de menores ingresos, una devaluaci\u00f3n brusca agravar\u00eda estos indicadores\u00bb, coment\u00f3\u00a0Juan Jos\u00e9 Bahillo\u00a0durante una entrevista radial.<\/p>\n<p>En di\u00e1logo con\u00a0<strong>Juan Pablo Arias, periodista de Cara y Ceca<\/strong>, un programa de la Universidad de Entre R\u00edos, cont\u00f3 que varios sectores reclamaron al Gobierno un tipo de cambio diferenciado, al igual que el d\u00f3lar soja. \u00abMe reun\u00ed con la c\u00e1mara del man\u00ed, el tabaco, la yerba mate, los c\u00edtricos.\u00a0<strong>Cada sector pide alguna medida que hace a la mejora de la econom\u00eda de su actividad\u00bb.<\/strong><\/p>\n<p>\u00ab<strong>Todos reclaman una devaluaci\u00f3n, pero hay otras medidas<\/strong>, como reintegros, aportes, medidas m\u00e1s puntuales. Cuando se implement\u00f3 el tipo de cambio diferenciado a $200 (d\u00f3lar soja) algunos sectores lo plantearon. Pero no es aplicable ese sistema a las econom\u00edas regionales.\u00a0<strong>La soja se exporta un 92% de lo que se produce, por lo que una suba del tipo de cambio no tiene impacto en los precios internos.<\/strong>\u00a0Adem\u00e1s, la soja tiene 33% de retenciones, mientras que en las econom\u00edas regionales llegan al 7% en promedio\u00bb, agreg\u00f3.<\/p>\n<p>Al mismo tiempo, remarc\u00f3 que el\u00a0trigo \u00abes uno de los temas m\u00e1s sensibles\u00bb, aunque \u00abtiene un componente dentro del costo de la harina del 12%\u00bb. \u00abA veces son otros costos los que impactan en la cadena de log\u00edstica y producci\u00f3n de alimentos, a veces m\u00e1s que la materia prima\u00bb.<\/p>\n<p>\u00abNo voy a negar que hay un \u00edndice inflacionario que no nos gusta y que estamos trabajando para bajarlo. Los vol\u00famenes (de trigo) van a ser suficientes para abastecer la demanda interna y externa. Se adelantaron exportaciones por 10 toneladas y el consumo interno es de<strong>\u00a06 millones de toneladas<\/strong>. Se suma el carry over. Vamos a poder abastecer el mercado interno y la exportaci\u00f3n. Vamos a trabajar en conjunto para administrar las necesidades de los todos sectores. No hay faltantes, pero estamos siguiendo de cerca el tema. Hay preocupaci\u00f3n\u00bb, consider\u00f3.<\/p>\n<p>Bahillo repas\u00f3 que Argentina logr\u00f3 durante el 2021 una cosecha de\u00a0<strong>22 millones de toneladas y que ahora se esperan casi 6 millones de toneladas menos.<\/strong><\/p>\n<p>Respecto al intento de \u00abdesacoplar precios internos y externos\u00bb, Bahillo respondi\u00f3: \u00abPuede haber cuotas de equilibrio, no son solo las retenciones. No obstante, los precios internacionales han descendido. La\u00a0carne baj\u00f3 por la menor demanda de China\u00a0y los commodities volvieron a los precios previos a la guerra, tuvieron un pico por mayo y han retrocedido. No hay una presi\u00f3n de estos precios sobre los alimentos. Hay cupos para el mercado interno para trigo y ma\u00edz\u00bb.<\/p>\n<p>Igualmente, resalt\u00f3 que\u00a0<strong>\u00abArgentina tiene una oportunidad muy grande como productora de alimentos, toda la regi\u00f3n\u00bb.\u00a0<\/strong><\/p>\n","protected":false},"excerpt":{"rendered":"<p>El secretario de Agricultura, Juan Jos\u00e9 Bahillo, tambi\u00e9n advirti\u00f3 sobre el impacto de la sequ\u00eda:<\/p>\n","protected":false},"author":1,"featured_media":21619,"comment_status":"open","ping_status":"open","sticky":false,"template":"","format":"standard","meta":{"footnotes":""},"categories":[20],"tags":[],"class_list":["post-21618","post","type-post","status-publish","format-standard","has-post-thumbnail","hentry","category-actualidad"],"_links":{"self":[{"href":"https:\/\/informeagropecuario.com.ar\/index.php?rest_route=\/wp\/v2\/posts\/21618","targetHints":{"allow":["GET"]}}],"collection":[{"href":"https:\/\/informeagropecuario.com.ar\/index.php?rest_route=\/wp\/v2\/posts"}],"about":[{"href":"https:\/\/informeagropecuario.com.ar\/index.php?rest_route=\/wp\/v2\/types\/post"}],"author":[{"embeddable":true,"href":"https:\/\/informeagropecuario.com.ar\/index.php?rest_route=\/wp\/v2\/users\/1"}],"replies":[{"embeddable":true,"href":"https:\/\/informeagropecuario.com.ar\/index.php?rest_route=%2Fwp%2Fv2%2Fcomments&post=21618"}],"version-history":[{"count":1,"href":"https:\/\/informeagropecuario.com.ar\/index.php?rest_route=\/wp\/v2\/posts\/21618\/revisions"}],"predecessor-version":[{"id":21620,"href":"https:\/\/informeagropecuario.com.ar\/index.php?rest_route=\/wp\/v2\/posts\/21618\/revisions\/21620"}],"wp:featuredmedia":[{"embeddable":true,"href":"https:\/\/informeagropecuario.com.ar\/index.php?rest_route=\/wp\/v2\/media\/21619"}],"wp:attachment":[{"href":"https:\/\/informeagropecuario.com.ar\/index.php?rest_route=%2Fwp%2Fv2%2Fmedia&parent=21618"}],"wp:term":[{"taxonomy":"category","embeddable":true,"href":"https:\/\/informeagropecuario.com.ar\/index.php?rest_route=%2Fwp%2Fv2%2Fcategories&post=21618"},{"taxonomy":"post_tag","embeddable":true,"href":"https:\/\/informeagropecuario.com.ar\/index.php?rest_route=%2Fwp%2Fv2%2Ftags&post=21618"}],"curies":[{"name":"wp","href":"https:\/\/api.w.org\/{rel}","templated":true}]}}