{"id":21624,"date":"2022-10-19T14:44:47","date_gmt":"2022-10-19T17:44:47","guid":{"rendered":"http:\/\/informeagropecuario.com.ar\/?p=21624"},"modified":"2022-10-19T14:44:47","modified_gmt":"2022-10-19T17:44:47","slug":"el-gobierno-volvio-a-hablar-de-cambios-en-la-retenciones-al-campo","status":"publish","type":"post","link":"https:\/\/informeagropecuario.com.ar\/?p=21624","title":{"rendered":"El Gobierno volvi\u00f3 a hablar de cambios en la retenciones al campo"},"content":{"rendered":"<p class=\"description mainfont\">El Secretario de Agricultura, Juan Jos\u00e9 Bahillo, particip\u00f3 de un encuentro de la cadena del ma\u00edz en C\u00f3rdoba. El gobernador de la mencionada provincia reclam\u00f3 otra vez la eliminaci\u00f3n de los derechos de exportaci\u00f3n.<!--more--><\/p>\n<p>Secretario de Agricultura, Juan Jos\u00e9 Bahillo, dijo que \u00abtenemos que animarnos a repensar el esquema de\u00a0retenciones\u00bb. Fue durante una rueda de prensa tras participar de la inauguraci\u00f3n del 1\u00ba Congreso Internacional de Ma\u00edz, que se realiza hasta ma\u00f1ana en el Centro Convenciones C\u00f3rdoba.<\/p>\n<p>El funcionario agreg\u00f3 que \u00abhay que salir de un esquema que es directo y que grava por igual el peque\u00f1o y gran productor, para ir independiente de la rentabilidad hacia otro esquema que no le resienta los ingresos al Estado, pero que sea m\u00e1s eficiente en t\u00e9rminos de grabar la rentabilidad y el patrimonio. Hay que pensarlo de manera muy responsable, con consenso, que sea viable sin demagogia y con la responsabilidad que tenemos como funcionarios\u00bb.<\/p>\n<p>Minutos antes, en la apertura del evento, el gobernador de C\u00f3rdoba, Juan Jos\u00e9 Schiaretti, exigi\u00f3 nuevamente una baja gradual de la\u00a0retenciones\u00a0hasta su completa eliminaci\u00f3n.<\/p>\n<div><\/div>\n<div><\/div>\n<div><\/div>\n<div><\/div>\n<div><\/div>\n<div><\/div>\n<div><\/div>\n<div><\/div>\n<div><\/div>\n<div><\/div>\n<div><\/div>\n<pre>\r\n\r\nAgrolatam<\/pre>\n","protected":false},"excerpt":{"rendered":"<p>El Secretario de Agricultura, Juan Jos\u00e9 Bahillo, particip\u00f3 de un encuentro de la cadena del<\/p>\n","protected":false},"author":1,"featured_media":21625,"comment_status":"open","ping_status":"open","sticky":false,"template":"","format":"standard","meta":{"footnotes":""},"categories":[20],"tags":[],"class_list":["post-21624","post","type-post","status-publish","format-standard","has-post-thumbnail","hentry","category-actualidad"],"_links":{"self":[{"href":"https:\/\/informeagropecuario.com.ar\/index.php?rest_route=\/wp\/v2\/posts\/21624","targetHints":{"allow":["GET"]}}],"collection":[{"href":"https:\/\/informeagropecuario.com.ar\/index.php?rest_route=\/wp\/v2\/posts"}],"about":[{"href":"https:\/\/informeagropecuario.com.ar\/index.php?rest_route=\/wp\/v2\/types\/post"}],"author":[{"embeddable":true,"href":"https:\/\/informeagropecuario.com.ar\/index.php?rest_route=\/wp\/v2\/users\/1"}],"replies":[{"embeddable":true,"href":"https:\/\/informeagropecuario.com.ar\/index.php?rest_route=%2Fwp%2Fv2%2Fcomments&post=21624"}],"version-history":[{"count":1,"href":"https:\/\/informeagropecuario.com.ar\/index.php?rest_route=\/wp\/v2\/posts\/21624\/revisions"}],"predecessor-version":[{"id":21626,"href":"https:\/\/informeagropecuario.com.ar\/index.php?rest_route=\/wp\/v2\/posts\/21624\/revisions\/21626"}],"wp:featuredmedia":[{"embeddable":true,"href":"https:\/\/informeagropecuario.com.ar\/index.php?rest_route=\/wp\/v2\/media\/21625"}],"wp:attachment":[{"href":"https:\/\/informeagropecuario.com.ar\/index.php?rest_route=%2Fwp%2Fv2%2Fmedia&parent=21624"}],"wp:term":[{"taxonomy":"category","embeddable":true,"href":"https:\/\/informeagropecuario.com.ar\/index.php?rest_route=%2Fwp%2Fv2%2Fcategories&post=21624"},{"taxonomy":"post_tag","embeddable":true,"href":"https:\/\/informeagropecuario.com.ar\/index.php?rest_route=%2Fwp%2Fv2%2Ftags&post=21624"}],"curies":[{"name":"wp","href":"https:\/\/api.w.org\/{rel}","templated":true}]}}