{"id":21663,"date":"2022-10-24T13:01:32","date_gmt":"2022-10-24T16:01:32","guid":{"rendered":"http:\/\/informeagropecuario.com.ar\/?p=21663"},"modified":"2022-10-24T13:01:32","modified_gmt":"2022-10-24T16:01:32","slug":"trabajadores-de-la-carne-comenzaron-paro-nacional-por-24-horas","status":"publish","type":"post","link":"https:\/\/informeagropecuario.com.ar\/?p=21663","title":{"rendered":"Trabajadores de la carne comenzaron paro nacional por 24 horas"},"content":{"rendered":"<p class=\"description mainfont\">Federaci\u00f3n de Sindicatos de Trabajadores de la Carne y Afines. Pide urgente recomposici\u00f3n salarial. Tiene presencia en frigor\u00edficos de CABA, GBA, Santa Fe, Entre R\u00edos, R\u00edo Negro, Jujuy y Tucum\u00e1n<!--more--><\/p>\n<p>En contexto complicado por los efectos de la alta inflaci\u00f3n que repercute en los salarios, os integrantes de la\u00a0<b>Federaci\u00f3n de Sindicatos de Trabajadores de la Carne y Afines de la Rep\u00fablica Argentina<\/b>\u00a0(Fesitcara) anunci\u00f3 un paro nacional de actividades por 24 horas a partir de las 0 horas del lunes 24 de octubre (medianoche del domingo), ante la falta de acuerdo en la revisi\u00f3n salarial de la paritaria.<\/p>\n<p>La medida de fuerza abarcar\u00e1 a las actividades en frigor\u00edficos y establecimientos c\u00e1rnicos de todo el pa\u00eds. El gremio que conduce\u00a0<b>Gabriel Vallejos<\/b>\u00a0tiene una fuerte presencia en Capital Federal y Gran Buenos Aires, pero tambi\u00e9n en las provincias de Santa Fe, Entre R\u00edos, R\u00edos Negro, Jujuy y Tucum\u00e1n, entre otras.<\/p>\n<p>Vallejos, en di\u00e1logo con Infobae, sostuvo que el paro nacional de ma\u00f1ana \u00abser\u00e1 la primera de una serie de acciones resueltas por la conducci\u00f3n nacional de la Federaci\u00f3n\u00bb y adelant\u00f3 que la medida de fuerza contar\u00e1 con la adhesi\u00f3n de todas las filiales del pa\u00eds, en el reinicio de un plan de lucha por mejoras salariales. A todo esto, reiter\u00f3 el pedido de una urgente recomposici\u00f3n salarial con efecto en el \u00faltimo trimestre del 2022, y que los incrementos se apliquen antes de fin de a\u00f1o.<\/p>\n<p>La Federaci\u00f3n de Sindicatos de Trabajadores de la Carne y Afines de la Rep\u00fablica Argentina reclama una urgente recomposici\u00f3n salarial con efecto en el \u00faltimo trimestre del 2022. (EFE\/C\u00e9zaro De Luca\/Archivo)<\/p>\n<p>El dirigente sindical se\u00f1al\u00f3 que hasta el momento se alcanz\u00f3 un aumento salarial del 40% hasta septiembre pasado y de 10% para diciembre. A partir de una inflaci\u00f3n que no baja del 6% mensual, Fesitcara reclama una recomposici\u00f3n para octubre, noviembre y diciembre y un bono de 30.000 pesos para octubre y diciembre. Hasta el momento no hubo acuerdo con el sector privado, y ma\u00f1ana a las 15 horas habr\u00e1 una nueva negociaci\u00f3n entre las partes para destrabar el conflicto.<\/p>\n<h2>Otro gremio<\/h2>\n<p>Por su parte, la Federaci\u00f3n Gremial de la Industria de la Carne, que conduce\u00a0<b>Alberto Fantini<\/b>, anunci\u00f3 d\u00edas atr\u00e1s que la recomposici\u00f3n salarial prevista para el nuevo ejercicio que va de abril de 2022 a marzo de 2023, ser\u00e1 de un 85% para el sector de las carnes rojas, en el marco de la Paritaria del Convenio Colectivo de Trabajo 56\/75 para la Industria de la Carne. Cabe recordar que entre abril del a\u00f1o pasado y marzo de 2022 el aumento de salarios fue del 45 por ciento. Una situaci\u00f3n que refleja la din\u00e1mica que ha tomado la aceleraci\u00f3n inflacionaria.<\/p>\n<p>Al respecto, se acord\u00f3 \u00abadelantar el 50% firmado oportunamente para diciembre 2022 a noviembre 2022, sumando una recomposici\u00f3n del 60% para enero 2023, 70% para febrero 2023 y 80% para marzo 2023. Acumulando al \u00faltimo valor de marzo de 2022 un 85%\u00bb, se especific\u00f3 en un comunicado. A lo que Fantini, agreg\u00f3: \u00abEste acuerdo salarial les permitir\u00e1 a los trabajadores de la carne paliar la actual situaci\u00f3n inflacionaria que estamos atravesando\u00bb.<\/p>\n<p>En abril, luego de una reuni\u00f3n con el es Ministro de Trabajo,\u00a0<b>Claudio Moroni<\/b>, se hab\u00eda acordado la suba del 50% y una nueva revisi\u00f3n para el mes de enero de 2023 con motivo de analizar la situaci\u00f3n salarial vigente para m\u00e1s de 50.000 afiliados al gremio, que se encuentran distribuidos en m\u00e1s de 70 Filiales en todo el pa\u00eds.<\/p>\n","protected":false},"excerpt":{"rendered":"<p>Federaci\u00f3n de Sindicatos de Trabajadores de la Carne y Afines. Pide urgente recomposici\u00f3n salarial. Tiene<\/p>\n","protected":false},"author":1,"featured_media":21664,"comment_status":"open","ping_status":"open","sticky":false,"template":"","format":"standard","meta":{"footnotes":""},"categories":[20],"tags":[],"class_list":["post-21663","post","type-post","status-publish","format-standard","has-post-thumbnail","hentry","category-actualidad"],"_links":{"self":[{"href":"https:\/\/informeagropecuario.com.ar\/index.php?rest_route=\/wp\/v2\/posts\/21663","targetHints":{"allow":["GET"]}}],"collection":[{"href":"https:\/\/informeagropecuario.com.ar\/index.php?rest_route=\/wp\/v2\/posts"}],"about":[{"href":"https:\/\/informeagropecuario.com.ar\/index.php?rest_route=\/wp\/v2\/types\/post"}],"author":[{"embeddable":true,"href":"https:\/\/informeagropecuario.com.ar\/index.php?rest_route=\/wp\/v2\/users\/1"}],"replies":[{"embeddable":true,"href":"https:\/\/informeagropecuario.com.ar\/index.php?rest_route=%2Fwp%2Fv2%2Fcomments&post=21663"}],"version-history":[{"count":1,"href":"https:\/\/informeagropecuario.com.ar\/index.php?rest_route=\/wp\/v2\/posts\/21663\/revisions"}],"predecessor-version":[{"id":21665,"href":"https:\/\/informeagropecuario.com.ar\/index.php?rest_route=\/wp\/v2\/posts\/21663\/revisions\/21665"}],"wp:featuredmedia":[{"embeddable":true,"href":"https:\/\/informeagropecuario.com.ar\/index.php?rest_route=\/wp\/v2\/media\/21664"}],"wp:attachment":[{"href":"https:\/\/informeagropecuario.com.ar\/index.php?rest_route=%2Fwp%2Fv2%2Fmedia&parent=21663"}],"wp:term":[{"taxonomy":"category","embeddable":true,"href":"https:\/\/informeagropecuario.com.ar\/index.php?rest_route=%2Fwp%2Fv2%2Fcategories&post=21663"},{"taxonomy":"post_tag","embeddable":true,"href":"https:\/\/informeagropecuario.com.ar\/index.php?rest_route=%2Fwp%2Fv2%2Ftags&post=21663"}],"curies":[{"name":"wp","href":"https:\/\/api.w.org\/{rel}","templated":true}]}}