{"id":21672,"date":"2022-10-24T13:22:38","date_gmt":"2022-10-24T16:22:38","guid":{"rendered":"http:\/\/informeagropecuario.com.ar\/?p=21672"},"modified":"2022-10-24T13:22:38","modified_gmt":"2022-10-24T16:22:38","slug":"productores-agropecuarios-convocan-a-una-asamblea-para-definir-acciones-a-seguir-sobre-retenciones-y-ley-de-humedales","status":"publish","type":"post","link":"https:\/\/informeagropecuario.com.ar\/?p=21672","title":{"rendered":"Productores agropecuarios convocan a una asamblea para definir acciones a seguir sobre retenciones y ley de humedales"},"content":{"rendered":"<p>La entidad AAPA organiz\u00f3 el 19 de noviembre una asamblea junto a instituciones del campo; sequ\u00eda, heladas y la asfixia fiscal ser\u00e1n los temas que tambi\u00e9n se debatir\u00e1n<!--more--><\/p>\n<div class=\"body-1 mt-20\">\n<p>La\u00a0<strong>Asociaci\u00f3n Argentina de Productores Agropecuarios (AAPA) &#8211;<\/strong>cuenta con personer\u00eda jur\u00eddica, pero\u00a0no integra la Mesa de Enlace- convoc\u00f3 a una\u00a0<strong>asamblea para el 19 de noviembre en Pergamino<\/strong>. La entidad busca debatir sobre retenciones, ley de humedales, entre otros temas.<\/p>\n<p>La AAPA invit\u00f3 a<strong>\u00a0instituciones del campo, productores y productoras, sectores vinculados al agro<\/strong>\u00a0para analizar las consecuencias de la<strong>\u00a0sequ\u00eda, las heladas y la \u201casfixia fiscal\u201d de los gobernantes.<\/strong>\u00a0Tambi\u00e9n se\u00f1alaron: \u201cAhora nos enteramos que la oposici\u00f3n votar\u00e1 la delegaci\u00f3n de poderes especiales sobre derechos de exportaci\u00f3n\u201d.<\/p>\n<\/div>\n<div class=\"body-2 mt-20\">\n<p>Este punto hace referencia al\u00a0tratamiento del Presupuesto 2023 en Diputados.\u00a0Cabe destacar que la oposici\u00f3n present\u00f3 nuevas propuestas para eliminar o modificar el art\u00edculo que le permite al Ejecutivo decidir sobre los derechos de exportaci\u00f3n. Juntos por el Cambio no acompa\u00f1\u00f3 el dictamen en mayor\u00eda y este martes buscar\u00e1n rechazar ese art\u00edculo.<\/p>\n<p>La entidad tambi\u00e9n\u00a0<strong>apunt\u00f3 contra el jefe de Gobierno de la Ciudad de Buenos Aires, Horacio Rodr\u00edguez Larreta,<\/strong>\u00a0y lo se\u00f1alaron como una persona que atenta contra la ganader\u00eda en general. El jefe porte\u00f1o convoc\u00f3 a la Cumbre Mundial de Alcaldes C40 para debatir sobre el cambio clim\u00e1tico y contrat\u00f3 a un cocinero para que\u00a0ense\u00f1e a reemplazar la carne por legumbres.<\/p>\n<\/div>\n<div class=\"body-3 mt-20\">\n<p>El comunicado de AAPA tambi\u00e9n apunt\u00f3 contra un<strong>\u00a0proyecto de expropiaci\u00f3n de 108.000 hect\u00e1reas en el departamento Loventu\u00e9,<\/strong>\u00a0zona de \u00abEl Caldenal\u00bb, La Pampa. Tambi\u00e9n se plantear\u00e1n cuestiones referidas a la ley de humedales, hidrov\u00eda, entre otros temas.<\/p>\n<p>\u201cDecimos basta y proponemos esta<strong>\u00a0convocatoria presencial en la ciudad de Pergamino, Buenos Aires.<\/strong>\u00a0La misma ser\u00e1 el s\u00e1bado 19 de noviembre para tratar estos temas y considerar acciones a seguir\u201d, concluy\u00f3 la Asociaci\u00f3n Argentina de Productores Agropecuarios.<\/p>\n<\/div>\n","protected":false},"excerpt":{"rendered":"<p>La entidad AAPA organiz\u00f3 el 19 de noviembre una asamblea junto a instituciones del campo;<\/p>\n","protected":false},"author":1,"featured_media":21673,"comment_status":"open","ping_status":"open","sticky":false,"template":"","format":"standard","meta":{"footnotes":""},"categories":[20],"tags":[],"class_list":["post-21672","post","type-post","status-publish","format-standard","has-post-thumbnail","hentry","category-actualidad"],"_links":{"self":[{"href":"https:\/\/informeagropecuario.com.ar\/index.php?rest_route=\/wp\/v2\/posts\/21672","targetHints":{"allow":["GET"]}}],"collection":[{"href":"https:\/\/informeagropecuario.com.ar\/index.php?rest_route=\/wp\/v2\/posts"}],"about":[{"href":"https:\/\/informeagropecuario.com.ar\/index.php?rest_route=\/wp\/v2\/types\/post"}],"author":[{"embeddable":true,"href":"https:\/\/informeagropecuario.com.ar\/index.php?rest_route=\/wp\/v2\/users\/1"}],"replies":[{"embeddable":true,"href":"https:\/\/informeagropecuario.com.ar\/index.php?rest_route=%2Fwp%2Fv2%2Fcomments&post=21672"}],"version-history":[{"count":1,"href":"https:\/\/informeagropecuario.com.ar\/index.php?rest_route=\/wp\/v2\/posts\/21672\/revisions"}],"predecessor-version":[{"id":21674,"href":"https:\/\/informeagropecuario.com.ar\/index.php?rest_route=\/wp\/v2\/posts\/21672\/revisions\/21674"}],"wp:featuredmedia":[{"embeddable":true,"href":"https:\/\/informeagropecuario.com.ar\/index.php?rest_route=\/wp\/v2\/media\/21673"}],"wp:attachment":[{"href":"https:\/\/informeagropecuario.com.ar\/index.php?rest_route=%2Fwp%2Fv2%2Fmedia&parent=21672"}],"wp:term":[{"taxonomy":"category","embeddable":true,"href":"https:\/\/informeagropecuario.com.ar\/index.php?rest_route=%2Fwp%2Fv2%2Fcategories&post=21672"},{"taxonomy":"post_tag","embeddable":true,"href":"https:\/\/informeagropecuario.com.ar\/index.php?rest_route=%2Fwp%2Fv2%2Ftags&post=21672"}],"curies":[{"name":"wp","href":"https:\/\/api.w.org\/{rel}","templated":true}]}}