{"id":21680,"date":"2022-10-24T13:31:58","date_gmt":"2022-10-24T16:31:58","guid":{"rendered":"http:\/\/informeagropecuario.com.ar\/?p=21680"},"modified":"2022-10-24T13:31:58","modified_gmt":"2022-10-24T16:31:58","slug":"el-martes-el-agro-se-juega-un-partido-que-puede-ponerlo-en-jaque-a-cuanto-pueden-subir-las-retenciones","status":"publish","type":"post","link":"https:\/\/informeagropecuario.com.ar\/?p=21680","title":{"rendered":"El martes el agro se juega un partido que puede ponerlo en jaque: a cu\u00e1nto pueden subir las retenciones"},"content":{"rendered":"<p>Carne, leche, man\u00ed, peras y manzanas, legumbres, olivo, yerba, cuero, lana y otras econom\u00edas regionales podr\u00edan ser las m\u00e1s castigadas<!--more--><\/p>\n<div class=\"body-1 mt-20\">\n<p>El martes, en la sesi\u00f3n especial, Diputados se alista a tratar el\u00a0Presupuesto 2023\u00a0que ya obtuvo dictamen. Bajo este marco, desde la Fundaci\u00f3n Barbechando alertan que, si no hay cambios, la delegaci\u00f3n de facultades legislativas permitir\u00edan al gobierno nacional aumentar las\u00a0retenciones\u00a0a todos los\u00a0<strong>productos agroindustriales<\/strong>, excepto para la\u00a0soja.<\/p>\n<p>En este sentido, el martes el agro se juega un partido que puede ponerlo en jaque, adem\u00e1s de la\u00a0apremiante sequ\u00eda. \u00abSi el Congreso acepta ceder la potestad propia de fijar los Derechos de Exportaci\u00f3n, en producciones como carne, leche, man\u00ed, peras y manzanas, legumbres, olivo, yerba, cuero, lana y otras econom\u00edas regionales podr\u00edan ser castigadas con dos o tres veces m\u00e1s de carga impositiva\u00bb, advierten desde Barbechando.<\/p>\n<\/div>\n<div class=\"body-2 mt-20\">\n<p>De esta forma, el Gobierno puede aumentar las al\u00edcuotas de los\u00a0<strong>Derechos de Exportaci\u00f3n:<\/strong><\/p>\n<ul>\n<li>Al 15% para todos los productos que ten\u00edan DEX 0% al 2 de septiembre de 2018 (Ej: ma\u00edz, trigo, girasol, carne, leche, man\u00ed, peras y manzanas, legumbres, olivas, madera, te, yerba mate, langostinos)<\/li>\n<li>Al 33% para todos los productos que ten\u00edan alguna al\u00edcuota de Derecho de Exportaci\u00f3n al 2 de septiembre de 2018 (Ej: lana, cuero)<\/li>\n<li>Al 5% para los productos de las econom\u00edas regionales definidas por el Poder Ejecutivo nacional.<\/li>\n<\/ul>\n<p>\u00abSi el Presupuesto se aprueba en estas condiciones, las provincias se van a seguir empobreciendo y algunas\u00a0<a href=\"https:\/\/news.agrofy.com.ar\/economias-regionales\" target=\"_blank\" rel=\"noopener\">econom\u00edas regionales<\/a>\u00a0quebrar\u00e1n. Siempre que el Poder Ejecutivo tuvo facultades delegadas, las us\u00f3. Le pedimos a los legisladores que defiendan los intereses de sus Provincias y la Rep\u00fablica y que no deleguen sus facultades para legislar por el desarrollo y el bien com\u00fan del pa\u00eds\u00bb, comentan desde la Fundaci\u00f3n que aporta\u00a0informaci\u00f3n,\u00a0<strong>propuestas y conocimiento t\u00e9cnico relacionado al agro en el Congreso.<\/strong><\/p>\n<\/div>\n<div class=\"m-full-width loaded-banner\">\n<div class=\"dfp-banner stripped\">\n<div>\n<div id=\"adSlot-19_parent\" class=\"adunitContainer\">\n<div id=\"adSlot-19\" class=\"adBox\" data-google-query-id=\"CPOj2vWk-foCFa4ZuQYdLpsCNg\"><\/div>\n<\/div>\n<\/div>\n<\/div>\n<\/div>\n","protected":false},"excerpt":{"rendered":"<p>Carne, leche, man\u00ed, peras y manzanas, legumbres, olivo, yerba, cuero, lana y otras econom\u00edas regionales<\/p>\n","protected":false},"author":1,"featured_media":21678,"comment_status":"open","ping_status":"open","sticky":false,"template":"","format":"standard","meta":{"footnotes":""},"categories":[20],"tags":[],"class_list":["post-21680","post","type-post","status-publish","format-standard","has-post-thumbnail","hentry","category-actualidad"],"_links":{"self":[{"href":"https:\/\/informeagropecuario.com.ar\/index.php?rest_route=\/wp\/v2\/posts\/21680","targetHints":{"allow":["GET"]}}],"collection":[{"href":"https:\/\/informeagropecuario.com.ar\/index.php?rest_route=\/wp\/v2\/posts"}],"about":[{"href":"https:\/\/informeagropecuario.com.ar\/index.php?rest_route=\/wp\/v2\/types\/post"}],"author":[{"embeddable":true,"href":"https:\/\/informeagropecuario.com.ar\/index.php?rest_route=\/wp\/v2\/users\/1"}],"replies":[{"embeddable":true,"href":"https:\/\/informeagropecuario.com.ar\/index.php?rest_route=%2Fwp%2Fv2%2Fcomments&post=21680"}],"version-history":[{"count":1,"href":"https:\/\/informeagropecuario.com.ar\/index.php?rest_route=\/wp\/v2\/posts\/21680\/revisions"}],"predecessor-version":[{"id":21681,"href":"https:\/\/informeagropecuario.com.ar\/index.php?rest_route=\/wp\/v2\/posts\/21680\/revisions\/21681"}],"wp:featuredmedia":[{"embeddable":true,"href":"https:\/\/informeagropecuario.com.ar\/index.php?rest_route=\/wp\/v2\/media\/21678"}],"wp:attachment":[{"href":"https:\/\/informeagropecuario.com.ar\/index.php?rest_route=%2Fwp%2Fv2%2Fmedia&parent=21680"}],"wp:term":[{"taxonomy":"category","embeddable":true,"href":"https:\/\/informeagropecuario.com.ar\/index.php?rest_route=%2Fwp%2Fv2%2Fcategories&post=21680"},{"taxonomy":"post_tag","embeddable":true,"href":"https:\/\/informeagropecuario.com.ar\/index.php?rest_route=%2Fwp%2Fv2%2Ftags&post=21680"}],"curies":[{"name":"wp","href":"https:\/\/api.w.org\/{rel}","templated":true}]}}