{"id":21686,"date":"2022-10-25T16:38:28","date_gmt":"2022-10-25T19:38:28","guid":{"rendered":"http:\/\/informeagropecuario.com.ar\/?p=21686"},"modified":"2022-10-25T16:38:28","modified_gmt":"2022-10-25T19:38:28","slug":"urgara-celebro-su-dia-con-una-gran-fiesta-en-necochea","status":"publish","type":"post","link":"https:\/\/informeagropecuario.com.ar\/?p=21686","title":{"rendered":"Urgara celebr\u00f3 su d\u00eda con una gran fiesta en Necochea"},"content":{"rendered":"<p>Con la presencia de la totalidad de la conducci\u00f3n nacional, incluido su secretario general Pablo Palacio, Urgara Necochea celebr\u00f3 el d\u00eda de los trabajadores del sector, as\u00ed como el 78\u00b0 aniversario del gremio, producido el pasado 20 de septiembre.\u00a0<!--more--><\/p>\n<p>Teniendo como anfitri\u00f3n a Juan Carlos Peralta, secretario general de la Seccional Necochea de la Uni\u00f3n de Recibidores de Granos y Anexos de la Rep\u00fablica Argentina, la celebraci\u00f3n cont\u00f3 con la presencia del intendente municipal, Arturo Rojas, y del presidente del Consorcio de Gesti\u00f3n de Puerto Quequ\u00e9n, Jorge Alvaro. Tambi\u00e9n estuvo representada la CGT local, a trav\u00e9s de Demian Ledesma. Asi como la Fempinra, que nuclea a gremios vinculados con actividades portuarias, de la que forma parte Urgara. Asisti\u00f3 en su representaci\u00f3n Gustavo Gavil\u00e1n, delegado regional.<\/p>\n<p><img fetchpriority=\"high\" decoding=\"async\" class=\"alignnone size-medium wp-image-21688\" src=\"https:\/\/informeagropecuario.com.ar\/wp-content\/uploads\/2022\/10\/aq-24-300x200.jpg\" alt=\"\" width=\"300\" height=\"200\" srcset=\"https:\/\/informeagropecuario.com.ar\/wp-content\/uploads\/2022\/10\/aq-24-300x200.jpg 300w, https:\/\/informeagropecuario.com.ar\/wp-content\/uploads\/2022\/10\/aq-24-768x512.jpg 768w, https:\/\/informeagropecuario.com.ar\/wp-content\/uploads\/2022\/10\/aq-24-1024x682.jpg 1024w, https:\/\/informeagropecuario.com.ar\/wp-content\/uploads\/2022\/10\/aq-24-600x400.jpg 600w, https:\/\/informeagropecuario.com.ar\/wp-content\/uploads\/2022\/10\/aq-24-820x546.jpg 820w, https:\/\/informeagropecuario.com.ar\/wp-content\/uploads\/2022\/10\/aq-24.jpg 1280w\" sizes=\"(max-width: 300px) 100vw, 300px\" \/><\/p>\n<p>Pablo Palacio resalt\u00f3 la labor que viene desempe\u00f1ando el gremio en Necochea y el resto de su jurisdicci\u00f3n, defini\u00e9ndola a la seccional como \u201cuna de las naves insignias\u201d de la organizaci\u00f3n, junto con Rosario y San Lorenzo, en cuanto al n\u00famero de afiliados y su crecimiento.<br \/>\nA\u00f1adi\u00f3 luego que la realizaci\u00f3n de esta fiesta en Necochea constituye \u201cun reconocimiento\u201d a ese trabajo que viene haciendo la seccional, a trav\u00e9s de \u201cun equipo consolidado, compuesto por gente joven y pujante, tanto en lo espec\u00edficamente gremial como en la obra social y lo administrativo.<\/p>\n<p>Palacio, durante su discurso, record\u00f3 al dirigente Jorge Delfino, fallecido en julio pasado, quien ingres\u00f3 al gremio a los 16 a\u00f1os y lleg\u00f3 a formar parte de la comisi\u00f3n directiva, siendo tesorero de la entidad. Se brind\u00f3 un aplauso en su memoria.<\/p>\n<p>Peralta, por su parte, agradeci\u00f3 el respaldo de la comisi\u00f3n directiva nacional con su presencia en la fiesta. \u201cNos renueva el \u00e1nimo para seguir trabajando\u201d, subray\u00f3.<br \/>\nTambi\u00e9n dedic\u00f3 un p\u00e1rrafo \u201ca los compa\u00f1eros de la Fempinra\u201d, se\u00f1alando que con ellos se trabaja \u201cd\u00eda a d\u00eda para solucionar los problemas de los trabajadores, haciendo un aporte desde el conocimiento del mundo del trabajo\u201d.<br \/>\nTuvo palabras de elogio tambi\u00e9n para Jorge \u201cPampa\u201d Alvaro, presidente del ente portuario, defini\u00e9ndolo como \u201cun hombre de palabra\u201d y evaluando positivamente su gesti\u00f3n al frente de Puerto Quequ\u00e9n.<\/p>\n<p>\u201cEs un honor haber sido parte, tambi\u00e9n, del r\u00e9cord de toneladas exportadas en el a\u00f1o 2016, durante la gesti\u00f3n del presidente anterior (Arturo Rojas). No s\u00e9 c\u00f3mo vamos a terminar este a\u00f1o, pero vamos camino a superar aquel r\u00e9cord\u201d, a\u00f1adi\u00f3 Peralta, que integr\u00f3 el directorio del consorcio portuario, primero por el sector gremial y actualmente lo hace como representante del municipio.<\/p>\n<p><img decoding=\"async\" class=\"alignnone  wp-image-21689\" src=\"https:\/\/informeagropecuario.com.ar\/wp-content\/uploads\/2022\/10\/aq-25-300x200.jpg\" alt=\"\" width=\"420\" height=\"280\" srcset=\"https:\/\/informeagropecuario.com.ar\/wp-content\/uploads\/2022\/10\/aq-25-300x200.jpg 300w, https:\/\/informeagropecuario.com.ar\/wp-content\/uploads\/2022\/10\/aq-25-768x512.jpg 768w, https:\/\/informeagropecuario.com.ar\/wp-content\/uploads\/2022\/10\/aq-25-1024x682.jpg 1024w, https:\/\/informeagropecuario.com.ar\/wp-content\/uploads\/2022\/10\/aq-25-600x400.jpg 600w, https:\/\/informeagropecuario.com.ar\/wp-content\/uploads\/2022\/10\/aq-25-820x546.jpg 820w, https:\/\/informeagropecuario.com.ar\/wp-content\/uploads\/2022\/10\/aq-25.jpg 1280w\" sizes=\"(max-width: 420px) 100vw, 420px\" \/><\/p>\n<p>Con la presencia de la totalidad de la conducci\u00f3n nacional, incluido su secretario general Pablo Palacio, Urgara Necochea celebr\u00f3 el d\u00eda de los trabajadores del sector, as\u00ed como el 78\u00b0 aniversario del gremio, producido el pasado 20 de septiembre. Lo hizo este s\u00e1bado 22, con una gran fiesta que tuvo lugar en instalaciones del Centro Vasco necochense, en la que hubo sorteos con importantes premios para los afiliados.<\/p>\n<p>Teniendo como anfitri\u00f3n a Juan Carlos Peralta, secretario general de la Seccional Necochea de la Uni\u00f3n de Recibidores de Granos y Anexos de la Rep\u00fablica Argentina, la celebraci\u00f3n cont\u00f3 con la presencia del intendente municipal, Arturo Rojas, y del presidente del Consorcio de Gesti\u00f3n de Puerto Quequ\u00e9n, Jorge Alvaro. Tambi\u00e9n estuvo representada la CGT local, a trav\u00e9s de Demian Ledesma. Asi como la Fempinra, que nuclea a gremios vinculados con actividades portuarias, de la que forma parte Urgara. Asisti\u00f3 en su representaci\u00f3n Gustavo Gavil\u00e1n, delegado regional.<\/p>\n<p>Pablo Palacio resalt\u00f3 la labor que viene desempe\u00f1ando el gremio en Necochea y el resto de su jurisdicci\u00f3n, defini\u00e9ndola a la seccional como \u201cuna de las naves insignias\u201d de la organizaci\u00f3n, junto con Rosario y San Lorenzo, en cuanto al n\u00famero de afiliados y su crecimiento.<br \/>\nA\u00f1adi\u00f3 luego que la realizaci\u00f3n de esta fiesta en Necochea constituye \u201cun reconocimiento\u201d a ese trabajo que viene haciendo la seccional, a trav\u00e9s de \u201cun equipo consolidado, compuesto por gente joven y pujante, tanto en lo espec\u00edficamente gremial como en la obra social y lo administrativo.<\/p>\n<figure class=\"wp-block-image size-full\"><img decoding=\"async\" class=\"wp-image-14743 lazy-loaded\" src=\"https:\/\/alertaalejandro.com.ar\/wp-content\/uploads\/sites\/68\/2022\/10\/f8e0a2a8-e941-4679-af02-c03808df3992.jpg\" sizes=\"(max-width: 1280px) 100vw, 1280px\" srcset=\"https:\/\/alertaalejandro.com.ar\/wp-content\/uploads\/sites\/68\/2022\/10\/f8e0a2a8-e941-4679-af02-c03808df3992.jpg 1280w, https:\/\/alertaalejandro.com.ar\/wp-content\/uploads\/sites\/68\/2022\/10\/f8e0a2a8-e941-4679-af02-c03808df3992-768x512.jpg 768w\" alt=\"\" width=\"412\" height=\"275\" data-lazy-type=\"image\" data-src=\"https:\/\/alertaalejandro.com.ar\/wp-content\/uploads\/sites\/68\/2022\/10\/f8e0a2a8-e941-4679-af02-c03808df3992.jpg\" data-srcset=\"\" \/><\/figure>\n<p>Palacio, durante su discurso, record\u00f3 al dirigente Jorge Delfino, fallecido en julio pasado, quien ingres\u00f3 al gremio a los 16 a\u00f1os y lleg\u00f3 a formar parte de la comisi\u00f3n directiva, siendo tesorero de la entidad. Se brind\u00f3 un aplauso en su memoria.<\/p>\n<p>Peralta, por su parte, agradeci\u00f3 el respaldo de la comisi\u00f3n directiva nacional con su presencia en la fiesta. \u201cNos renueva el \u00e1nimo para seguir trabajando\u201d, subray\u00f3.<br \/>\nTambi\u00e9n dedic\u00f3 un p\u00e1rrafo \u201ca los compa\u00f1eros de la Fempinra\u201d, se\u00f1alando que con ellos se trabaja \u201cd\u00eda a d\u00eda para solucionar los problemas de los trabajadores, haciendo un aporte desde el conocimiento del mundo del trabajo\u201d.<br \/>\nTuvo palabras de elogio tambi\u00e9n para Jorge \u201cPampa\u201d Alvaro, presidente del ente portuario, defini\u00e9ndolo como \u201cun hombre de palabra\u201d y evaluando positivamente su gesti\u00f3n al frente de Puerto Quequ\u00e9n.<\/p>\n<p>\u201cEs un honor haber sido parte, tambi\u00e9n, del r\u00e9cord de toneladas exportadas en el a\u00f1o 2016, durante la gesti\u00f3n del presidente anterior (Arturo Rojas). No s\u00e9 c\u00f3mo vamos a terminar este a\u00f1o, pero vamos camino a superar aquel r\u00e9cord\u201d, a\u00f1adi\u00f3 Peralta, que integr\u00f3 el directorio del consorcio portuario, primero por el sector gremial y actualmente lo hace como representante del municipio.<\/p>\n<figure class=\"wp-block-image size-full\"><img loading=\"lazy\" decoding=\"async\" class=\"wp-image-14744 lazy-loaded\" src=\"https:\/\/alertaalejandro.com.ar\/wp-content\/uploads\/sites\/68\/2022\/10\/c890783b-c990-4e0d-9830-e22561b62c7a.jpg\" sizes=\"(max-width: 1280px) 100vw, 1280px\" srcset=\"https:\/\/alertaalejandro.com.ar\/wp-content\/uploads\/sites\/68\/2022\/10\/c890783b-c990-4e0d-9830-e22561b62c7a.jpg 1280w, https:\/\/alertaalejandro.com.ar\/wp-content\/uploads\/sites\/68\/2022\/10\/c890783b-c990-4e0d-9830-e22561b62c7a-768x512.jpg 768w\" alt=\"\" width=\"1280\" height=\"853\" data-lazy-type=\"image\" data-src=\"https:\/\/alertaalejandro.com.ar\/wp-content\/uploads\/sites\/68\/2022\/10\/c890783b-c990-4e0d-9830-e22561b62c7a.jpg\" data-srcset=\"\" \/><\/figure>\n<p>\u201cMe siento orgulloso \u2013agreg\u00f3- de tener el puerto m\u00e1s profundo y que hoy quien gestion\u00f3 todo eso est\u00e9 ac\u00e1 como intendente (en alusi\u00f3n a Rojas a quien defini\u00f3 como un amigo)\u201d.<\/p>\n<p>Adem\u00e1s de destacar la conducci\u00f3n nacional que ejerce Pablo Palacio, se\u00f1alando que \u201ccuando alguien lo solicita \u00e9l siempre est\u00e1\u201d, quiso hacer un especial agradecimiento al secretario gremial, Miguel Rodr\u00edguez, se\u00f1alando que se trata de \u201cun amigo, un consejero, un hist\u00f3rico del gremio, una persona que es fuente de consejos y que es una historia viviente del gremio\u201d.<br \/>\nFinalmente, Peralta se dirigi\u00f3 los trabajadores, se\u00f1alando que \u201cson los m\u00e1s importante que tenemos\u201d, para acotar que \u201cpor sus manos pasa la riqueza del pa\u00eds\u201d.<br \/>\nPor otra parte, tanto Palacio como Peralta, destacaron el hecho de que en Necochea se haya podido concretar la normalizaci\u00f3n de la CGT con una lista de unidad, tras haberse generado un di\u00e1logo entre los diversos gremios desde al a\u00f1o pasado, hasta lograr el objetivo de consolidar una comisi\u00f3n directiva consensuada.<\/p>\n<p>&nbsp;<\/p>\n<p>&nbsp;<\/p>\n<p>&nbsp;<\/p>\n<p>&nbsp;<\/p>\n<p>&nbsp;<\/p>\n<p>&nbsp;<\/p>\n<p>&nbsp;<\/p>\n<p>&nbsp;<\/p>\n<p>&nbsp;<\/p>\n<p>&nbsp;<\/p>\n<p>&nbsp;<\/p>\n<p>&nbsp;<\/p>\n<p>&nbsp;<\/p>\n<p>&nbsp;<\/p>\n<p>&nbsp;<\/p>\n<p>&nbsp;<\/p>\n<p>&nbsp;<\/p>\n<p>&nbsp;<\/p>\n<p>&nbsp;<\/p>\n<p>&nbsp;<\/p>\n<p>&nbsp;<\/p>\n<p>&nbsp;<\/p>\n<p>&nbsp;<\/p>\n<p>&nbsp;<\/p>\n<p>&nbsp;<\/p>\n<p>&nbsp;<\/p>\n<p>&nbsp;<\/p>\n<p>&nbsp;<\/p>\n<p>&nbsp;<\/p>\n<p>&nbsp;<\/p>\n<p>&nbsp;<\/p>\n<p>&nbsp;<\/p>\n<p>&nbsp;<\/p>\n<p>&nbsp;<\/p>\n<pre>Fuente y fotos: alertaalejandro.com.ar<\/pre>\n","protected":false},"excerpt":{"rendered":"<p>Con la presencia de la totalidad de la conducci\u00f3n nacional, incluido su secretario general Pablo<\/p>\n","protected":false},"author":1,"featured_media":21687,"comment_status":"open","ping_status":"open","sticky":false,"template":"","format":"standard","meta":{"footnotes":""},"categories":[20],"tags":[],"class_list":["post-21686","post","type-post","status-publish","format-standard","has-post-thumbnail","hentry","category-actualidad"],"_links":{"self":[{"href":"https:\/\/informeagropecuario.com.ar\/index.php?rest_route=\/wp\/v2\/posts\/21686","targetHints":{"allow":["GET"]}}],"collection":[{"href":"https:\/\/informeagropecuario.com.ar\/index.php?rest_route=\/wp\/v2\/posts"}],"about":[{"href":"https:\/\/informeagropecuario.com.ar\/index.php?rest_route=\/wp\/v2\/types\/post"}],"author":[{"embeddable":true,"href":"https:\/\/informeagropecuario.com.ar\/index.php?rest_route=\/wp\/v2\/users\/1"}],"replies":[{"embeddable":true,"href":"https:\/\/informeagropecuario.com.ar\/index.php?rest_route=%2Fwp%2Fv2%2Fcomments&post=21686"}],"version-history":[{"count":1,"href":"https:\/\/informeagropecuario.com.ar\/index.php?rest_route=\/wp\/v2\/posts\/21686\/revisions"}],"predecessor-version":[{"id":21690,"href":"https:\/\/informeagropecuario.com.ar\/index.php?rest_route=\/wp\/v2\/posts\/21686\/revisions\/21690"}],"wp:featuredmedia":[{"embeddable":true,"href":"https:\/\/informeagropecuario.com.ar\/index.php?rest_route=\/wp\/v2\/media\/21687"}],"wp:attachment":[{"href":"https:\/\/informeagropecuario.com.ar\/index.php?rest_route=%2Fwp%2Fv2%2Fmedia&parent=21686"}],"wp:term":[{"taxonomy":"category","embeddable":true,"href":"https:\/\/informeagropecuario.com.ar\/index.php?rest_route=%2Fwp%2Fv2%2Fcategories&post=21686"},{"taxonomy":"post_tag","embeddable":true,"href":"https:\/\/informeagropecuario.com.ar\/index.php?rest_route=%2Fwp%2Fv2%2Ftags&post=21686"}],"curies":[{"name":"wp","href":"https:\/\/api.w.org\/{rel}","templated":true}]}}