{"id":21707,"date":"2022-10-28T11:34:04","date_gmt":"2022-10-28T14:34:04","guid":{"rendered":"http:\/\/informeagropecuario.com.ar\/?p=21707"},"modified":"2022-10-28T11:34:04","modified_gmt":"2022-10-28T14:34:04","slug":"gustavo-idigoras-una-ciudad-por-ano-sera-la-meta-que-el-consejo-agroindustrial-presentara-en-su-plan-2024-2028","status":"publish","type":"post","link":"https:\/\/informeagropecuario.com.ar\/?p=21707","title":{"rendered":"Gustavo Id\u00edgoras: \u201cUna ciudad por a\u00f1o\u201d ser\u00e1 la meta que el Consejo Agroindustrial presentar\u00e1 en su Plan 2024\/2028"},"content":{"rendered":"<p>En los primeros d\u00edas del mes de noviembre, el<strong>\u00a0Consejo Agroindustrial Argentino<\/strong>\u00a0presentar\u00e1 en sociedad su plan para los pr\u00f3ximos cinco a\u00f1os, bajo el t\u00edtulo de\u00a0<strong>\u201cPol\u00edtica Agro-Industrial, Federal, Inclusiva, Exportadora y Sustentable 2024\/2028\u201d<\/strong>.<!--more--><\/p>\n<p>Gustavo Id\u00edgoras, presidente de la C\u00e1mara de la Industria Aceitera de Argentina y del Centro de Exportadores de Cereales (CIARA-CEC), brind\u00f3 el adelanto en di\u00e1logo con Agroverdad, en ocasi\u00f3n del Congreso Internacional de Ma\u00edz, realizado en C\u00f3rdoba.<\/p>\n<p><em>\u201cTenemos un 2023 que va a tener un desaf\u00edo clim\u00e1tico importante y eso a mi entender va a determinar mucho el posicionamiento electoral, porque\u00a0<strong>habr\u00e1 una presi\u00f3n de reducci\u00f3n de ingresos fiscales, una reducci\u00f3n de ingreso de divisas naturalmente, y una tentaci\u00f3n de Gobierno Nacional y de los gobiernos provinciales de buscar otra fuente de ingresos y de recaudaci\u00f3n en el agro.<\/strong>\u00a0Esperemos que no cometan esos errores y si lo cometen ser\u00e1n castigados electoralmente. Deber\u00edamos tratar de dar vuelta la p\u00e1gina al intervencionismo como \u00fanica pol\u00edtica agroindustrial y tratar de promover una pol\u00edtica federal, inclusiva, que promueva el empleo, la producci\u00f3n y la exportaci\u00f3n\u201d<\/em>, argument\u00f3 Id\u00edgoras.<\/p>\n<p><em>\u201cPor eso, desde el Consejo Agroindustrial venimos trabajando hace varios meses con esta propuesta que ser\u00e1 presentada p\u00fablicamente el mes que viene y con la que vamos a recorrer todas las provincias argentinas.\u00a0<strong>La vamos a mostrar a legisladores, precandidatos nacionales y provinciales, y tambi\u00e9n a los economistas,<\/strong>\u00a0porque los economistas van a tener que aprender que el agro forma parte de la macroeconom\u00eda nacional\u201d<\/em>, expres\u00f3 el directivo.<\/p>\n<p><strong>Una ciudad por a\u00f1o<\/strong><\/p>\n<p><em>\u201cPretendemos instalar mecanismos y pol\u00edticas diferentes.\u00a0<strong>En ese plan estar\u00e1n las metas de crecimiento exportador; las metas de crecimiento del empleo nacional y por provincias,<\/strong>\u00a0y tambi\u00e9n por sectores; las metas de\u00a0<strong>crecimiento de producci\u00f3n<\/strong>; y muy importante,\u00a0<strong>las metas de ingreso fiscal.<\/strong>\u00a0Porque parece que cada vez que hablamos de bajar impuestos es una buena palabra para el gobernante que quiere asumir, entonces vamos a demostrar que bajando impuestos se recaudar\u00e1 m\u00e1s, sencillamente porque vamos a producir m\u00e1s\u201d,<\/em>\u00a0sostuvo.<\/p>\n<p><em>\u201cNuestro objetivo es, al igual que Brasil,\u00a0<strong>generar una ciudad nueva por a\u00f1o con una poblaci\u00f3n de 80 mil personas con las mejores condiciones de vida.<\/strong>\u00a0Brasil ha logrado, en el lapso de tan solo 10 a\u00f1os, ser una potencia agroalimentaria con una pol\u00edtica de desarrollo de ciudades en el sur. Son objetivos realizables, lo hemos discutido con las m\u00e1s de 60 c\u00e1maras y entidades del Consejo que representan 33 cadenas de valor en Argentina\u201d<\/em>, detall\u00f3 Id\u00edgoras.<\/p>\n<p><strong>El trigo y los barcos<\/strong><\/p>\n<p>Aprovechando el di\u00e1logo, Agroverdad le consult\u00f3 al titular de CIARA-CEC sobre el panorama que se avecina, teniendo en cuenta que se recorta cada vez m\u00e1s el volumen esperado de trigo, y hay que cumplir con los compromisos comerciales externos.\u00a0<em>\u201cClaramente estamos frente a un contexto complicado. Creo que debemos anticiparnos porque\u00a0<strong>tenemos entre diciembre y febrero m\u00e1s de 5 millones y medio de toneladas comprometidas para embarcar.<\/strong>\u00a0Si la campa\u00f1a va a dar vol\u00famenes totales de 15 millones de toneladas, claramente\u00a0<strong>vamos a estar muy justos<\/strong>\u201d,<\/em>\u00a0advirti\u00f3.<\/p>\n<p>&nbsp;<\/p>\n<p>Y agreg\u00f3:\u00a0<em>\u201cDe manera que hay que tomar medidas r\u00e1pidamente porque son compromisos reales, contratos de exportaci\u00f3n que tenemos que cumplir y si tenemos que buscar\u00a0<strong>alguna reprogramaci\u00f3n o alg\u00fan sistemas similar tenemos que trabajarlo desde ahora\u201d<\/strong>.<\/em><\/p>\n<p><strong>\u201cPat\u00e9tico y lamentable\u201d<\/strong><\/p>\n<p><em>\u201cSi no dan los m\u00e1rgenes y los n\u00fameros empeoran para cumplir, hay situaciones de fuerza mayor y la sequ\u00eda es una de ellas en t\u00e9rminos contractuales. Pero hay que resolverlo ahora, no podemos llegar al 2 de diciembre cargando el primer barco de trigo y avisarle al comprador que se barco no va a salir.\u00a0<strong>Ser\u00eda pat\u00e9tico y lamentable, y adem\u00e1s vamos a ir contra el Estado Argentino si eso eventualmente sucede.<\/strong>\u00a0De manera que hay que tomar las medidas ahora para darle tranquilidad al mercado internacional y tambi\u00e9n al mercado interno\u201d,<\/em>\u00a0finaliz\u00f3.<\/p>\n<p>&nbsp;<\/p>\n<p>&nbsp;<\/p>\n<p>&nbsp;<\/p>\n<p>&nbsp;<\/p>\n<p>&nbsp;<\/p>\n<p>&nbsp;<\/p>\n<p>&nbsp;<\/p>\n<p>&nbsp;<\/p>\n<p>&nbsp;<\/p>\n<p>&nbsp;<\/p>\n<p>&nbsp;<\/p>\n<p>&nbsp;<\/p>\n<p>&nbsp;<\/p>\n<p>&nbsp;<\/p>\n<p>&nbsp;<\/p>\n","protected":false},"excerpt":{"rendered":"<p>En los primeros d\u00edas del mes de noviembre, el\u00a0Consejo Agroindustrial Argentino\u00a0presentar\u00e1 en sociedad su plan<\/p>\n","protected":false},"author":1,"featured_media":21708,"comment_status":"open","ping_status":"open","sticky":false,"template":"","format":"standard","meta":{"footnotes":""},"categories":[20],"tags":[],"class_list":["post-21707","post","type-post","status-publish","format-standard","has-post-thumbnail","hentry","category-actualidad"],"_links":{"self":[{"href":"https:\/\/informeagropecuario.com.ar\/index.php?rest_route=\/wp\/v2\/posts\/21707","targetHints":{"allow":["GET"]}}],"collection":[{"href":"https:\/\/informeagropecuario.com.ar\/index.php?rest_route=\/wp\/v2\/posts"}],"about":[{"href":"https:\/\/informeagropecuario.com.ar\/index.php?rest_route=\/wp\/v2\/types\/post"}],"author":[{"embeddable":true,"href":"https:\/\/informeagropecuario.com.ar\/index.php?rest_route=\/wp\/v2\/users\/1"}],"replies":[{"embeddable":true,"href":"https:\/\/informeagropecuario.com.ar\/index.php?rest_route=%2Fwp%2Fv2%2Fcomments&post=21707"}],"version-history":[{"count":1,"href":"https:\/\/informeagropecuario.com.ar\/index.php?rest_route=\/wp\/v2\/posts\/21707\/revisions"}],"predecessor-version":[{"id":21709,"href":"https:\/\/informeagropecuario.com.ar\/index.php?rest_route=\/wp\/v2\/posts\/21707\/revisions\/21709"}],"wp:featuredmedia":[{"embeddable":true,"href":"https:\/\/informeagropecuario.com.ar\/index.php?rest_route=\/wp\/v2\/media\/21708"}],"wp:attachment":[{"href":"https:\/\/informeagropecuario.com.ar\/index.php?rest_route=%2Fwp%2Fv2%2Fmedia&parent=21707"}],"wp:term":[{"taxonomy":"category","embeddable":true,"href":"https:\/\/informeagropecuario.com.ar\/index.php?rest_route=%2Fwp%2Fv2%2Fcategories&post=21707"},{"taxonomy":"post_tag","embeddable":true,"href":"https:\/\/informeagropecuario.com.ar\/index.php?rest_route=%2Fwp%2Fv2%2Ftags&post=21707"}],"curies":[{"name":"wp","href":"https:\/\/api.w.org\/{rel}","templated":true}]}}