{"id":21713,"date":"2022-10-29T21:15:04","date_gmt":"2022-10-30T00:15:04","guid":{"rendered":"http:\/\/informeagropecuario.com.ar\/?p=21713"},"modified":"2022-10-29T21:15:04","modified_gmt":"2022-10-30T00:15:04","slug":"puerto-quequen-fortalece-su-vinculo-con-los-productores","status":"publish","type":"post","link":"https:\/\/informeagropecuario.com.ar\/?p=21713","title":{"rendered":"Puerto Quequ\u00e9n fortalece su v\u00ednculo con los productores"},"content":{"rendered":"<p>Con el convencimiento de continuar trabajando en conjunto por el fortalecimiento del Hinterland, el presidente del Consorcio de Gesti\u00f3n de\u00a0Puerto Quequ\u00e9n,\u00a0<strong>Jorge Alvaro<\/strong>, recibi\u00f3 al presidente de la Sociedad Rural de Necochea,\u00a0<strong>Patricio Bosch<\/strong>, y vicepresidente,\u00a0<strong>Eugenio Cardenau<\/strong>.<!--more--><\/p>\n<p>Durante la reuni\u00f3n, en las instalaciones del Ente portuario, dialogaron sobre la importancia de que \u201clos productores conozcan la log\u00edstica de su producci\u00f3n tranqueras afuera, del campo al muelle\u201d; y planificaron una visita a la estaci\u00f3n mar\u00edtima para el viernes 18 de noviembre junto a los representantes de las Sociedades Rurales de la zona de influencia del puerto.<\/p>\n<p class=\"image-align-center\">\n<p>Tras participar en las \u00faltimas dos semanas de la Ronda de Negocios Buenos Aires ActiBA en Tandil y de la\u00a0Expo Lober\u00eda, en la vecina localidad, Alvaro garantiz\u00f3 la presencia institucional del Consorcio de Gesti\u00f3n en la Expo Rural Necochea, que se realizar\u00e1 el s\u00e1bado 5 y domingo 6 de noviembre.<\/p>\n<p>El evento tradicional e hist\u00f3rico para la actividad agroindustrial del distrito, este a\u00f1o se organiza bajo el lema \u201cagropecuaria, comercial y sustentable\u201d, y Puerto Quequ\u00e9n dir\u00e1 presente junto a los iniciadores de su cadena productiva.<\/p>\n","protected":false},"excerpt":{"rendered":"<p>Con el convencimiento de continuar trabajando en conjunto por el fortalecimiento del Hinterland, el presidente<\/p>\n","protected":false},"author":1,"featured_media":21714,"comment_status":"open","ping_status":"open","sticky":false,"template":"","format":"standard","meta":{"footnotes":""},"categories":[20],"tags":[],"class_list":["post-21713","post","type-post","status-publish","format-standard","has-post-thumbnail","hentry","category-actualidad"],"_links":{"self":[{"href":"https:\/\/informeagropecuario.com.ar\/index.php?rest_route=\/wp\/v2\/posts\/21713","targetHints":{"allow":["GET"]}}],"collection":[{"href":"https:\/\/informeagropecuario.com.ar\/index.php?rest_route=\/wp\/v2\/posts"}],"about":[{"href":"https:\/\/informeagropecuario.com.ar\/index.php?rest_route=\/wp\/v2\/types\/post"}],"author":[{"embeddable":true,"href":"https:\/\/informeagropecuario.com.ar\/index.php?rest_route=\/wp\/v2\/users\/1"}],"replies":[{"embeddable":true,"href":"https:\/\/informeagropecuario.com.ar\/index.php?rest_route=%2Fwp%2Fv2%2Fcomments&post=21713"}],"version-history":[{"count":1,"href":"https:\/\/informeagropecuario.com.ar\/index.php?rest_route=\/wp\/v2\/posts\/21713\/revisions"}],"predecessor-version":[{"id":21715,"href":"https:\/\/informeagropecuario.com.ar\/index.php?rest_route=\/wp\/v2\/posts\/21713\/revisions\/21715"}],"wp:featuredmedia":[{"embeddable":true,"href":"https:\/\/informeagropecuario.com.ar\/index.php?rest_route=\/wp\/v2\/media\/21714"}],"wp:attachment":[{"href":"https:\/\/informeagropecuario.com.ar\/index.php?rest_route=%2Fwp%2Fv2%2Fmedia&parent=21713"}],"wp:term":[{"taxonomy":"category","embeddable":true,"href":"https:\/\/informeagropecuario.com.ar\/index.php?rest_route=%2Fwp%2Fv2%2Fcategories&post=21713"},{"taxonomy":"post_tag","embeddable":true,"href":"https:\/\/informeagropecuario.com.ar\/index.php?rest_route=%2Fwp%2Fv2%2Ftags&post=21713"}],"curies":[{"name":"wp","href":"https:\/\/api.w.org\/{rel}","templated":true}]}}