{"id":21716,"date":"2022-10-29T21:21:32","date_gmt":"2022-10-30T00:21:32","guid":{"rendered":"http:\/\/informeagropecuario.com.ar\/?p=21716"},"modified":"2022-10-29T21:21:32","modified_gmt":"2022-10-30T00:21:32","slug":"necesitamos-que-se-garantice-el-abastecimiento-de-trigo","status":"publish","type":"post","link":"https:\/\/informeagropecuario.com.ar\/?p=21716","title":{"rendered":"\u00abNecesitamos que se garantice el abastecimiento de trigo\u00bb"},"content":{"rendered":"<p>El Centro de Industriales Panaderos Agrupados dio a conocer un comunicado en el que manifiesta que ante la sequ\u00eda que atraviesa nuestro pa\u00eds y las heladas tard\u00edas.<!--more--><\/p>\n<p>Tienen la preocupante informaci\u00f3n de que se proyecta una cosecha total de trigo que no llegar\u00eda a los 15 millones de toneladas (una merma de 8 millones de toneladas en relaci\u00f3n a la campa\u00f1a anterior) y esta ser\u00eda la m\u00e1s baja de los \u00faltimos 7 a\u00f1os.<\/p>\n<p>\u00abSi es cierto que las exportaciones sumar\u00edan m\u00e1s de 9 millones de toneladas eso nos dejar\u00eda con un faltante de m\u00e1s de medio mill\u00f3n de toneladas para el consumo interno por lo cual solicitamos que se cierren los cupos de exportaci\u00f3n para prevenir con anticipaci\u00f3n el faltante de harina o la suba desmedida de los precios de nuestra principal materia prima\u00bb, afirman.<\/p>\n<p>\u00abPedimos que se garantice el abastecimiento de trigo para el mercado interno priorizando las necesidades del pueblo argentino. Los panaderos no queremos sufrir las consecuencias de no tener harina para elaborar y mucho menos queremos ser obligados a trasladar cualquier incremento a los precios de venta de mostrador y reparto.\u00bb,<\/p>\n<p>\u00abEl CIPAN necesita previsibilidad para que el pan llegue con normalidad y un precio accesible a la mesa de todos los argentinos\u00bb, finaliza el comunicado.<\/p>\n","protected":false},"excerpt":{"rendered":"<p>El Centro de Industriales Panaderos Agrupados dio a conocer un comunicado en el que manifiesta<\/p>\n","protected":false},"author":1,"featured_media":21717,"comment_status":"open","ping_status":"open","sticky":false,"template":"","format":"standard","meta":{"footnotes":""},"categories":[20],"tags":[],"class_list":["post-21716","post","type-post","status-publish","format-standard","has-post-thumbnail","hentry","category-actualidad"],"_links":{"self":[{"href":"https:\/\/informeagropecuario.com.ar\/index.php?rest_route=\/wp\/v2\/posts\/21716","targetHints":{"allow":["GET"]}}],"collection":[{"href":"https:\/\/informeagropecuario.com.ar\/index.php?rest_route=\/wp\/v2\/posts"}],"about":[{"href":"https:\/\/informeagropecuario.com.ar\/index.php?rest_route=\/wp\/v2\/types\/post"}],"author":[{"embeddable":true,"href":"https:\/\/informeagropecuario.com.ar\/index.php?rest_route=\/wp\/v2\/users\/1"}],"replies":[{"embeddable":true,"href":"https:\/\/informeagropecuario.com.ar\/index.php?rest_route=%2Fwp%2Fv2%2Fcomments&post=21716"}],"version-history":[{"count":1,"href":"https:\/\/informeagropecuario.com.ar\/index.php?rest_route=\/wp\/v2\/posts\/21716\/revisions"}],"predecessor-version":[{"id":21718,"href":"https:\/\/informeagropecuario.com.ar\/index.php?rest_route=\/wp\/v2\/posts\/21716\/revisions\/21718"}],"wp:featuredmedia":[{"embeddable":true,"href":"https:\/\/informeagropecuario.com.ar\/index.php?rest_route=\/wp\/v2\/media\/21717"}],"wp:attachment":[{"href":"https:\/\/informeagropecuario.com.ar\/index.php?rest_route=%2Fwp%2Fv2%2Fmedia&parent=21716"}],"wp:term":[{"taxonomy":"category","embeddable":true,"href":"https:\/\/informeagropecuario.com.ar\/index.php?rest_route=%2Fwp%2Fv2%2Fcategories&post=21716"},{"taxonomy":"post_tag","embeddable":true,"href":"https:\/\/informeagropecuario.com.ar\/index.php?rest_route=%2Fwp%2Fv2%2Ftags&post=21716"}],"curies":[{"name":"wp","href":"https:\/\/api.w.org\/{rel}","templated":true}]}}