{"id":21720,"date":"2022-10-29T21:28:53","date_gmt":"2022-10-30T00:28:53","guid":{"rendered":"http:\/\/informeagropecuario.com.ar\/?p=21720"},"modified":"2022-10-29T21:34:13","modified_gmt":"2022-10-30T00:34:13","slug":"paro-de-frigorificos-desde-el-martes-no-distribuiran-carne-en-reclamo-a-una-medida-del-gobierno","status":"publish","type":"post","link":"https:\/\/informeagropecuario.com.ar\/?p=21720","title":{"rendered":"Paro de frigor\u00edficos: desde el martes no distribuir\u00e1n carne en reclamo a una medida del Gobierno"},"content":{"rendered":"<p>La Federaci\u00f3n de Industrias Frigor\u00edficas Regionales Argentinas (FIFRA) anunci\u00f3 que desde el lues se iniciar\u00e1 un paro en la\u00a0producci\u00f3n de carne. Esto es por la implementaci\u00f3n del troceo obligatorio en la industria frigor\u00edfica, que deja a las plantas m\u00e1s peque\u00f1a fuera de juego.<!--more--><\/p>\n<div class=\"body-1 mt-20\">\n<h2>Paro en la indutria de la carne<\/h2>\n<p>FIFRA inform\u00f3 que, en reuni\u00f3n mantenida con los asociados de las c\u00e1maras que la conforman<strong>\u00a0CAFRISA (Santa Fe), AFIC (C\u00f3rdoba) y CICER (Entre R\u00edos),<\/strong>\u00a0se defini\u00f3 que a partir del d\u00eda lunes 31\/10 no recibir\u00e1n hacienda y no habr\u00e1 actividad de faena o\u00a0distribuci\u00f3n de carnes\u00a0desde el 1\u00b0 de noviembre.<\/p>\n<\/div>\n<div class=\"body-2 mt-20\">\n<p>La medida de fuerza anunciada tiene que ver con la normativa relativa al\u00a0<strong>troceo<\/strong>\u00a0y la falta de autorizaci\u00f3n de utilizaci\u00f3n de medios mec\u00e1nicos para su descarga.<\/p>\n<p>La postura de la industria frigor\u00edfica que se dedica al consumo interno es que hay un compromiso por el cuidado de los trabajadores y que creen importante apostar a la modernizaci\u00f3n del sector. Pero, seg\u00fan argumentan, en este momento no est\u00e1n dadas las condiciones, para comenzar con el troceo obligatorio.<\/p>\n<\/div>\n<div class=\"body-3 mt-20\">\n<p><strong>\u00abLos cr\u00e9ditos nunca se efectivizaron<\/strong>. Y en los pocos casos en que se hicieron, los mismos fueron por montos irrisorios en comparaci\u00f3n con las inversiones demandadas. Asimismo, cabe remarcar que escasean los insumos para realizar las obras necesarias, por los problemas de importaci\u00f3n que son de notorio y p\u00fablico conocimiento\u00bb, coment\u00f3 una fuente de la industria frigor\u00edfica.<\/p>\n<p>El objetivo y la decisi\u00f3n del\u00a0<strong>Gobierno ser\u00eda postergar la medida y autorizar el movimiento de la media res a trav\u00e9s de medios mec\u00e1nicos<\/strong>. Algo que pide la indutria y que podr\u00eda destrabar el paro.<\/p>\n<\/div>\n","protected":false},"excerpt":{"rendered":"<p>La Federaci\u00f3n de Industrias Frigor\u00edficas Regionales Argentinas (FIFRA) anunci\u00f3 que desde el lues se iniciar\u00e1<\/p>\n","protected":false},"author":1,"featured_media":21721,"comment_status":"open","ping_status":"open","sticky":false,"template":"","format":"standard","meta":{"footnotes":""},"categories":[20],"tags":[],"class_list":["post-21720","post","type-post","status-publish","format-standard","has-post-thumbnail","hentry","category-actualidad"],"_links":{"self":[{"href":"https:\/\/informeagropecuario.com.ar\/index.php?rest_route=\/wp\/v2\/posts\/21720","targetHints":{"allow":["GET"]}}],"collection":[{"href":"https:\/\/informeagropecuario.com.ar\/index.php?rest_route=\/wp\/v2\/posts"}],"about":[{"href":"https:\/\/informeagropecuario.com.ar\/index.php?rest_route=\/wp\/v2\/types\/post"}],"author":[{"embeddable":true,"href":"https:\/\/informeagropecuario.com.ar\/index.php?rest_route=\/wp\/v2\/users\/1"}],"replies":[{"embeddable":true,"href":"https:\/\/informeagropecuario.com.ar\/index.php?rest_route=%2Fwp%2Fv2%2Fcomments&post=21720"}],"version-history":[{"count":3,"href":"https:\/\/informeagropecuario.com.ar\/index.php?rest_route=\/wp\/v2\/posts\/21720\/revisions"}],"predecessor-version":[{"id":21725,"href":"https:\/\/informeagropecuario.com.ar\/index.php?rest_route=\/wp\/v2\/posts\/21720\/revisions\/21725"}],"wp:featuredmedia":[{"embeddable":true,"href":"https:\/\/informeagropecuario.com.ar\/index.php?rest_route=\/wp\/v2\/media\/21721"}],"wp:attachment":[{"href":"https:\/\/informeagropecuario.com.ar\/index.php?rest_route=%2Fwp%2Fv2%2Fmedia&parent=21720"}],"wp:term":[{"taxonomy":"category","embeddable":true,"href":"https:\/\/informeagropecuario.com.ar\/index.php?rest_route=%2Fwp%2Fv2%2Fcategories&post=21720"},{"taxonomy":"post_tag","embeddable":true,"href":"https:\/\/informeagropecuario.com.ar\/index.php?rest_route=%2Fwp%2Fv2%2Ftags&post=21720"}],"curies":[{"name":"wp","href":"https:\/\/api.w.org\/{rel}","templated":true}]}}