{"id":21737,"date":"2022-10-31T16:51:22","date_gmt":"2022-10-31T19:51:22","guid":{"rendered":"http:\/\/informeagropecuario.com.ar\/?p=21737"},"modified":"2022-10-31T16:51:22","modified_gmt":"2022-10-31T19:51:22","slug":"efecto-sequia-el-atraso-de-siembra-de-maiz-es-el-mas-grande-de-los-ultimos-20-anos","status":"publish","type":"post","link":"https:\/\/informeagropecuario.com.ar\/?p=21737","title":{"rendered":"Efecto sequ\u00eda: el atraso de siembra de ma\u00edz es el m\u00e1s grande de los \u00faltimos 20 a\u00f1os"},"content":{"rendered":"<p>El avance de la implantaci\u00f3n es, seg\u00fan la Bolsa de Cereales de Buenos Aires, tiene un retraso hist\u00f3rico<!--more--><\/p>\n<div class=\"body-1 mt-20\">\n<p>El\u00a0<strong>fen\u00f3meno clim\u00e1tico \u00abLa Ni\u00f1a\u00bb<\/strong>\u00a0contin\u00faa afectando a gran parte de la zona n\u00facleo de nuestro pa\u00eds y la sequ\u00eda y\u00a0<strong>falta de humedad afecta a la siembra de ma\u00edz<\/strong>\u00a0y el ritmo de plantaci\u00f3n es de los m\u00e1s lentos registrados.<\/p>\n<p>\u00abCon el 19% de la superficie sembrada al 27\/10, debemos remontarnos a la campa\u00f1a 2013\/14 para encontrar un ritmo de siembra igual de rezagado en nuestro pa\u00eds. No obstante, la superficie del a\u00f1o comercial 2022\/23 es un 66% superior al de la campa\u00f1a 2013\/14, por lo que el\u00a0<strong>atraso de siembra<\/strong>\u00a0ya es el m\u00e1s grande en al menos veinte a\u00f1os\u00bb, remarc\u00f3 el informe de la Bolsa de Comercio de Rosario.<\/p>\n<\/div>\n<div class=\"body-2 mt-20\">\n<p>De acuerdo con el informe semanal de la Secretar\u00eda de Agricultura, Ganader\u00eda y Pesca (SAGyP), en algunas zonas de Buenos Aires, como\u00a0<strong>Pergamino y Pehuaj\u00f3<\/strong>, se pudo avanzar en la siembra. No obstante, en delegaciones como Bragado y Veinticinco de Mayo,\u00a0<strong>la plantaci\u00f3n de ma\u00edz sigue detenida<\/strong>. Adem\u00e1s, en C\u00f3rdoba se avanza en Laboulaye y Marcos Ju\u00e1rez, pero en R\u00edo Cuarto no hay condiciones para proseguir.<\/p>\n<p>Por su parte, en Santa Fe la evoluci\u00f3n es m\u00e1s favorable al norte de la provincia, en las delegaciones de Avellaneda y Rafaela. No obstante, en Ca\u00f1ada de G\u00f3mez no pudo implantarse toda la superficie proyectada. No conforme con ello, la SAGyP inform\u00f3 que en Casilda\u00a0<strong>se van agotando los d\u00edas de ventana \u00f3ptima para la implantaci\u00f3n de ma\u00edces tempranos, a la espera de mejoras en la humedad de suelos.<\/strong><\/p>\n<\/div>\n<div class=\"body-3 mt-20\">\n<p><span lang=\"ES\" xml:lang=\"ES\"><img fetchpriority=\"high\" decoding=\"async\" class=\"media-image\" src=\"https:\/\/admin-news.agrofy.com.ar\/sites\/default\/files\/recor.png\" alt=\"\" width=\"909\" height=\"649\" \/><\/span><\/p>\n<h2>Comienzan a sembrarse las primeras hect\u00e1reas de soja<\/h2>\n<p><span lang=\"ES\" xml:lang=\"ES\">Los mil\u00edmetros registrados sobre la regi\u00f3n permitir\u00e1n comenzar con la actividad. Desde Carlos Pellegrini son cautos y advierten que no hay que aventurarse. \u201cHay que estar muy atentos a los cambios y las condiciones que se van presentando. Dar un paso en falso en este contexto de Ni\u00f1a es caer en un gran problema econ\u00f3mico. La soja es el cultivo de mayor expectativa y no se puede ya de arranque tener una mala siembra\u201d, se\u00f1alaron desde la entidad.<\/span><\/p>\n<\/div>\n","protected":false},"excerpt":{"rendered":"<p>El avance de la implantaci\u00f3n es, seg\u00fan la Bolsa de Cereales de Buenos Aires, tiene<\/p>\n","protected":false},"author":1,"featured_media":21738,"comment_status":"open","ping_status":"open","sticky":false,"template":"","format":"standard","meta":{"footnotes":""},"categories":[20],"tags":[],"class_list":["post-21737","post","type-post","status-publish","format-standard","has-post-thumbnail","hentry","category-actualidad"],"_links":{"self":[{"href":"https:\/\/informeagropecuario.com.ar\/index.php?rest_route=\/wp\/v2\/posts\/21737","targetHints":{"allow":["GET"]}}],"collection":[{"href":"https:\/\/informeagropecuario.com.ar\/index.php?rest_route=\/wp\/v2\/posts"}],"about":[{"href":"https:\/\/informeagropecuario.com.ar\/index.php?rest_route=\/wp\/v2\/types\/post"}],"author":[{"embeddable":true,"href":"https:\/\/informeagropecuario.com.ar\/index.php?rest_route=\/wp\/v2\/users\/1"}],"replies":[{"embeddable":true,"href":"https:\/\/informeagropecuario.com.ar\/index.php?rest_route=%2Fwp%2Fv2%2Fcomments&post=21737"}],"version-history":[{"count":1,"href":"https:\/\/informeagropecuario.com.ar\/index.php?rest_route=\/wp\/v2\/posts\/21737\/revisions"}],"predecessor-version":[{"id":21739,"href":"https:\/\/informeagropecuario.com.ar\/index.php?rest_route=\/wp\/v2\/posts\/21737\/revisions\/21739"}],"wp:featuredmedia":[{"embeddable":true,"href":"https:\/\/informeagropecuario.com.ar\/index.php?rest_route=\/wp\/v2\/media\/21738"}],"wp:attachment":[{"href":"https:\/\/informeagropecuario.com.ar\/index.php?rest_route=%2Fwp%2Fv2%2Fmedia&parent=21737"}],"wp:term":[{"taxonomy":"category","embeddable":true,"href":"https:\/\/informeagropecuario.com.ar\/index.php?rest_route=%2Fwp%2Fv2%2Fcategories&post=21737"},{"taxonomy":"post_tag","embeddable":true,"href":"https:\/\/informeagropecuario.com.ar\/index.php?rest_route=%2Fwp%2Fv2%2Ftags&post=21737"}],"curies":[{"name":"wp","href":"https:\/\/api.w.org\/{rel}","templated":true}]}}