{"id":21744,"date":"2022-11-01T17:03:26","date_gmt":"2022-11-01T20:03:26","guid":{"rendered":"http:\/\/informeagropecuario.com.ar\/?p=21744"},"modified":"2022-11-01T17:03:26","modified_gmt":"2022-11-01T20:03:26","slug":"efecto-sequia-se-esperan-nuevas-medidas-para-los-agroexportadores","status":"publish","type":"post","link":"https:\/\/informeagropecuario.com.ar\/?p=21744","title":{"rendered":"Efecto sequ\u00eda: se esperan nuevas medidas para los agroexportadores"},"content":{"rendered":"<p class=\"description mainfont\">Argentina autorizar\u00eda a empresas agroexportadoras a reprogramar sin penalidades los embarques declarados de trigo debido al impacto de una sequ\u00eda.<!--more--><\/p>\n<p>Argentina autorizar\u00eda a empresas agroexportadoras a reprogramar sin penalidades los embarques declarados de trigo debido al impacto de una\u00a0sequ\u00eda\u00a0que ha generado temores sobre el abastecimiento dom\u00e9stico del cereal al dejar la cosecha m\u00e1s baja en al menos siete a\u00f1os.<\/p>\n<p>Seg\u00fan una fuente de la c\u00e1mara de exportadores de\u00a0granos\u00a0CEC, la medida se producir\u00eda \u00aben los pr\u00f3ximos d\u00edas\u00bb , en momentos en que al mismo tiempo algunos agricultores advierten a agroexportadoras que no van a poder cumplir con contratos firmados con antelaci\u00f3n.<\/p>\n<p>Consultada por Reuters, una fuente del Gobierno con conocimiento del tema dijo que la decisi\u00f3n \u00abest\u00e1 en estudio. Es una medida probable en este contexto\u00bb.<\/p>\n<p>El pa\u00eds es un exportador mundial clave de trigo, en particular en el contexto del conflicto entre Rusia y Ucrania. Sin embargo, seg\u00fan la Bolsa de Comercio de Rosario, la cosecha 2022\/23 del cereal argentino ser\u00eda de 13,7 millones de toneladas, desde los 23 millones del ciclo previo, por la\u00a0sequ\u00eda.<\/p>\n<p><strong>\u00abHubo conversaciones y (la Secretar\u00eda de) <\/strong>Agricultura estar\u00eda pensando en trabajar sobre eso (la reprogramaci\u00f3n de los embarques), y esa medida estar\u00eda por salir\u00bb, dijo a Reuters la fuente de la c\u00e1mara CEC, que abarca a grandes exportadoras como Cargill y Bunge, entre otras.<\/p>\n<p>Hasta fines de octubre, los exportadores hab\u00edan realizado declaraciones juradas oficiales de ventas al exterior (DJVE) de trigo 2022\/23 por 8,9 millones de toneladas , seg\u00fan datos del Gobierno, que a\u00fan no ha difundido una estimaci\u00f3n de cosecha para la actual campa\u00f1a, cuya recolecci\u00f3n comienza en noviembre.<\/p>\n<p>\u00abSi el Gobierno lo va a hacer, que lo haga ahora, porque nosotros tenemos que darnos vuelta y hablar con los clientes de Indonesia, Marruecos, Argelia, Egipto y decirles que se nos quem\u00f3 el trigo y renegociar esos contratos\u00bb, dijo la fuente de CEC, que explic\u00f3 que con la autorizaci\u00f3n oficial las reprogramaciones no pagar\u00edan una multa de la Aduana argentina de 15% del valor del embarque.<\/p>\n<p>El titular de la Federaci\u00f3n Argentina de la\u00a0Industria Molinera\u00a0(FAIM), Diego Cifarelli, tambi\u00e9n confirm\u00f3 el di\u00e1logo entre exportadores y el Gobierno con respecto a la reprogramaci\u00f3n de embarques, lo que autoridades buscan que sea una posible soluci\u00f3n a una cosecha ajustada para la demanda de la industria y de los exportadores.<\/p>\n<p>\u00abHay preocupaci\u00f3n\u00bb, dijo Cifarelli, que se\u00f1al\u00f3 que la demanda de trigo de los molinos es de 6,5 millones de toneladas y que a la producci\u00f3n de la actual campa\u00f1a, de 13,7 millones de toneladas seg\u00fan la BCR, se le suman unos 2 millones de toneladas adicionales sin vender de la campa\u00f1a previa, el ciclo 2021\/22.<\/p>\n<div class=\"zone \">\n<div class=\"piece banner standard\">\n<div class=\"items\">\n<div class=\"item\"><\/div>\n<\/div>\n<\/div>\n<\/div>\n<p>No obstante, el titular de FAIM se\u00f1al\u00f3 que, si no se registran m\u00e1s p\u00e9rdidas de trigo, cree que se llegar\u00e1 a cubrir la demanda, aunque las empresas tendr\u00e1n que \u00abseducir\u00bb a los productores para vender su mercader\u00eda, lo que impactar\u00e1 en los\u00a0precios\u00a0de la harina y alimentos.<\/p>\n<p>M\u00e1s alzas en los\u00a0precios\u00a0al consumidor de Argentina ser\u00edan un grave dolor de cabeza para la coalici\u00f3n peronista gobernante que, en medio de dificultades econ\u00f3micas y financieras, lucha por contener una inflaci\u00f3n cercana al 100% anual, un a\u00f1o antes de los comicios presidenciales.<\/p>\n","protected":false},"excerpt":{"rendered":"<p>Argentina autorizar\u00eda a empresas agroexportadoras a reprogramar sin penalidades los embarques declarados de trigo debido<\/p>\n","protected":false},"author":1,"featured_media":21745,"comment_status":"open","ping_status":"open","sticky":false,"template":"","format":"standard","meta":{"footnotes":""},"categories":[20],"tags":[],"class_list":["post-21744","post","type-post","status-publish","format-standard","has-post-thumbnail","hentry","category-actualidad"],"_links":{"self":[{"href":"https:\/\/informeagropecuario.com.ar\/index.php?rest_route=\/wp\/v2\/posts\/21744","targetHints":{"allow":["GET"]}}],"collection":[{"href":"https:\/\/informeagropecuario.com.ar\/index.php?rest_route=\/wp\/v2\/posts"}],"about":[{"href":"https:\/\/informeagropecuario.com.ar\/index.php?rest_route=\/wp\/v2\/types\/post"}],"author":[{"embeddable":true,"href":"https:\/\/informeagropecuario.com.ar\/index.php?rest_route=\/wp\/v2\/users\/1"}],"replies":[{"embeddable":true,"href":"https:\/\/informeagropecuario.com.ar\/index.php?rest_route=%2Fwp%2Fv2%2Fcomments&post=21744"}],"version-history":[{"count":1,"href":"https:\/\/informeagropecuario.com.ar\/index.php?rest_route=\/wp\/v2\/posts\/21744\/revisions"}],"predecessor-version":[{"id":21746,"href":"https:\/\/informeagropecuario.com.ar\/index.php?rest_route=\/wp\/v2\/posts\/21744\/revisions\/21746"}],"wp:featuredmedia":[{"embeddable":true,"href":"https:\/\/informeagropecuario.com.ar\/index.php?rest_route=\/wp\/v2\/media\/21745"}],"wp:attachment":[{"href":"https:\/\/informeagropecuario.com.ar\/index.php?rest_route=%2Fwp%2Fv2%2Fmedia&parent=21744"}],"wp:term":[{"taxonomy":"category","embeddable":true,"href":"https:\/\/informeagropecuario.com.ar\/index.php?rest_route=%2Fwp%2Fv2%2Fcategories&post=21744"},{"taxonomy":"post_tag","embeddable":true,"href":"https:\/\/informeagropecuario.com.ar\/index.php?rest_route=%2Fwp%2Fv2%2Ftags&post=21744"}],"curies":[{"name":"wp","href":"https:\/\/api.w.org\/{rel}","templated":true}]}}