{"id":21750,"date":"2022-11-01T17:14:48","date_gmt":"2022-11-01T20:14:48","guid":{"rendered":"http:\/\/informeagropecuario.com.ar\/?p=21750"},"modified":"2022-11-01T17:14:48","modified_gmt":"2022-11-01T20:14:48","slug":"paro-de-estibadores-dictan-la-conciliacion-obligatoria-y-convocan-a-una-reunion-clave","status":"publish","type":"post","link":"https:\/\/informeagropecuario.com.ar\/?p=21750","title":{"rendered":"Paro de estibadores: dictan la conciliaci\u00f3n obligatoria y convocan a una reuni\u00f3n clave"},"content":{"rendered":"<p>El Ministerio de Trabajo estableci\u00f3 la medida por 15 d\u00edas; adem\u00e1s, llam\u00f3 a las partes a llegar a una soluci\u00f3n<!--more--><\/p>\n<div class=\"body-1 mt-20\">\n<p>El Sindicato Unidos Portuarios Argentino (SUPA)\u00a0lanz\u00f3 una medida de fuerza de 24 horas a partir del 1 de noviembre. Finalmente, el Ministerio de Trabajo<strong>\u00a0dict\u00f3 la conciliaci\u00f3n obligatoria por 15 d\u00edas.<\/strong><\/p>\n<p>El gremio de los estibadores mantuvo un paro en los principales puertos del Gran Rosario por un\u00a0<strong>reclamo salarial y por las denuncias de irregularidades en dos empresas<\/strong>. Hasta el momento, Williams Entregas inform\u00f3 inconvenientes en los puertos de Renova, COFCO Timb\u00faes, LDC Timb\u00faes, Quebracho y Bunge Puerto General San Mart\u00edn.<\/p>\n<\/div>\n<div class=\"body-2 mt-20\">\n<p>El Ministerio de Trabajo tom\u00f3 conocimiento del conflicto y dict\u00f3 la conciliaci\u00f3n obligatoria y convoc\u00f3 a las partes. \u201cDar por iniciado un per\u00edodo de conciliaci\u00f3n obligatoria por el t\u00e9rmino de 15 d\u00edas, de acuerdo a lo establecido en el Art\u00edculo 11\u00b0 de la normativa preindicada, debiendo retrotraerse la situaci\u00f3n a la existente con anterioridad al inicio del conflicto y por el plazo de duraci\u00f3n del presente procedimiento conciliatorio\u201d, sostuvo la disposici\u00f3n oficial.<\/p>\n<p>Al mismo tiempo, el Ejecutivo intim\u00f3 al SUPA a\u00a0<strong>dejar sin efecto toda medida de acci\u00f3n directa<\/strong>\u00a0que estuviesen implementando o tuvieran previsto implementar, prestando servicios de manera normal y habitual. En el caso de la C\u00e1mara de Puertos Privados Comerciales, se intim\u00f3 a abstenerse de tomar represalias de cualquier tipo con el personal representado por la organizaci\u00f3n sindical o con cualquier otra persona, as\u00ed como tambi\u00e9n a<strong>\u00a0otorgar tareas en forma normal y habitual a su personal.<\/strong><\/p>\n<\/div>\n<div class=\"body-3 mt-20\">\n<p>De esta manera, el ministerio llam\u00f3 a las partes a mantener la mejor\u00a0predisposici\u00f3n y apertura para negociar.\u00a0Se abordar\u00e1n los temas sobre los cuales mantienen diferencias y, asegura el Ejecutivo, que contribuir\u00e1 a la paz social y a mejorar el marco de las relaciones laborales.<\/p>\n<p>Por \u00faltimo, el ministerio llam\u00f3 a una reuni\u00f3n clave para esta semana. \u201cHacer saber a las partes deber\u00e1n comparecer del d\u00eda jueves 3 de noviembre a las 12 al Ministerio de Trabajo Empleo y Seguridad Social, a los<strong>\u00a0fines de la celebraci\u00f3n de una audiencia,<\/strong>\u00a0en el marco del presente conflicto\u201d, se\u00f1ala la disposici\u00f3n oficial.<\/p>\n<p>De esta manera queda en pausa el paro que lanzaron los estibadores en conflicto con las empresas MILISENDA y SAP. El gremio tambi\u00e9n reclam\u00f3 que algunas terminales portuarias trabajan con estas compa\u00f1\u00edas, a pesar de los reclamos de SUPA.<\/p>\n<\/div>\n","protected":false},"excerpt":{"rendered":"<p>El Ministerio de Trabajo estableci\u00f3 la medida por 15 d\u00edas; adem\u00e1s, llam\u00f3 a las partes<\/p>\n","protected":false},"author":1,"featured_media":21751,"comment_status":"open","ping_status":"open","sticky":false,"template":"","format":"standard","meta":{"footnotes":""},"categories":[20],"tags":[],"class_list":["post-21750","post","type-post","status-publish","format-standard","has-post-thumbnail","hentry","category-actualidad"],"_links":{"self":[{"href":"https:\/\/informeagropecuario.com.ar\/index.php?rest_route=\/wp\/v2\/posts\/21750","targetHints":{"allow":["GET"]}}],"collection":[{"href":"https:\/\/informeagropecuario.com.ar\/index.php?rest_route=\/wp\/v2\/posts"}],"about":[{"href":"https:\/\/informeagropecuario.com.ar\/index.php?rest_route=\/wp\/v2\/types\/post"}],"author":[{"embeddable":true,"href":"https:\/\/informeagropecuario.com.ar\/index.php?rest_route=\/wp\/v2\/users\/1"}],"replies":[{"embeddable":true,"href":"https:\/\/informeagropecuario.com.ar\/index.php?rest_route=%2Fwp%2Fv2%2Fcomments&post=21750"}],"version-history":[{"count":1,"href":"https:\/\/informeagropecuario.com.ar\/index.php?rest_route=\/wp\/v2\/posts\/21750\/revisions"}],"predecessor-version":[{"id":21752,"href":"https:\/\/informeagropecuario.com.ar\/index.php?rest_route=\/wp\/v2\/posts\/21750\/revisions\/21752"}],"wp:featuredmedia":[{"embeddable":true,"href":"https:\/\/informeagropecuario.com.ar\/index.php?rest_route=\/wp\/v2\/media\/21751"}],"wp:attachment":[{"href":"https:\/\/informeagropecuario.com.ar\/index.php?rest_route=%2Fwp%2Fv2%2Fmedia&parent=21750"}],"wp:term":[{"taxonomy":"category","embeddable":true,"href":"https:\/\/informeagropecuario.com.ar\/index.php?rest_route=%2Fwp%2Fv2%2Fcategories&post=21750"},{"taxonomy":"post_tag","embeddable":true,"href":"https:\/\/informeagropecuario.com.ar\/index.php?rest_route=%2Fwp%2Fv2%2Ftags&post=21750"}],"curies":[{"name":"wp","href":"https:\/\/api.w.org\/{rel}","templated":true}]}}