{"id":21753,"date":"2022-11-02T10:56:51","date_gmt":"2022-11-02T13:56:51","guid":{"rendered":"http:\/\/informeagropecuario.com.ar\/?p=21753"},"modified":"2022-11-02T10:56:51","modified_gmt":"2022-11-02T13:56:51","slug":"trigo-prorrogan-por-un-ano-las-exportaciones-de-trigo-para-asegurar-el-abastecimiento-del-mercado-interno","status":"publish","type":"post","link":"https:\/\/informeagropecuario.com.ar\/?p=21753","title":{"rendered":"Trigo: prorrogan por un a\u00f1o las exportaciones de trigo para \u201casegurar el abastecimiento\u201d del mercado interno"},"content":{"rendered":"<p>El Gobierno dispuso la posibilidad de postergar los embarques para descomprimir las tensiones comerciales<!--more--><\/p>\n<div class=\"body-1 mt-20\">\n<p>La campa\u00f1a de trigo\u00a0atraviesa una de las peores sequ\u00edas\u00a0y genera una proyecci\u00f3n de<strong>\u00a0producci\u00f3n mucho menor a lo habitual.<\/strong>\u00a0Con estimaciones que rondan los 14 millones de toneladas, el Gobierno decidi\u00f3<strong>\u00a0descomprimir las tensiones en el mercado interno.<\/strong><\/p>\n<p>Con el objetivo de empalmar sin inconvenientes la campa\u00f1a 2021\/22 y la de este a\u00f1o, y evitar el incumplimiento de las ventas a futuro que se cerraron a principio de a\u00f1o, el Gobierno public\u00f3 una resoluci\u00f3n.\u00a0<strong>La misma permite prorrogar por 365 d\u00edas las exportaciones de trigo.<\/strong><\/p>\n<p>La Resoluci\u00f3n 114\/2022 establece: \u201cOt\u00f3rgase una pr\u00f3rroga autom\u00e1tica excepcional de 360 d\u00edas corridos, a las Declaraciones Juradas de Venta al Exterior (DJVE) con per\u00edodo de embarque comprendido entre e<strong>l 1 de diciembre de 2022 y el 28 de febrero de 2023\u201d.<\/strong>\u00a0Esta postergaci\u00f3n rige desde el d\u00eda de vencimiento del embarque y se constituir\u00e1 en el nuevo plazo m\u00e1ximo de vigencia.<\/p>\n<\/div>\n<div class=\"body-2 mt-20\">\n<p>D\u00edas atr\u00e1s, el ministro de Econom\u00eda, Sergio Massa, se refiri\u00f3 a la sequ\u00eda:\u00a0\u201cLos productores perdieron, son un sector importante de nuestra econom\u00eda.\u00a0Hay que pensar c\u00f3mo los ayudamos, c\u00f3mo les postergamos embarques, c\u00f3mo les ponemos un seguro por el incumplimiento de contratos porque hay productores que vendieron trigo que la sequ\u00eda no les dej\u00f3 cosechar\u201d.<\/p>\n<p>Al mismo tiempo, la normativa aclara que la pr\u00f3rroga no ser\u00e1 de aplicaci\u00f3n para aquellas DJVE que fueron registradas con posterioridad al per\u00edodo comprendido. Tambi\u00e9n deja afuera a las declaraciones que se registren con<strong>\u00a0plazo de vigencia de 30 d\u00edas conforme.<\/strong><\/p>\n<p>La Secretar\u00eda de Agricultura argument\u00f3 que esta medida tiene como objetivo\u00a0<strong>asegurar el normal abastecimiento del mercado interno<\/strong>. Se detalla que la proyecci\u00f3n de trigo para la campa\u00f1a 22\/23, se espera una producci\u00f3n sustancialmente menor.<\/p>\n<\/div>\n<div class=\"body-3 mt-20\">\n<p>Para minimizar las consecuencias y\u00a0<strong>evitar una tensi\u00f3n de precios en el mercado interno,<\/strong>\u00a0el Gobierno adopt\u00f3 esta medida. Para el caso de los productores que ten\u00edan que cumplir con las fechas de ventas, la resoluci\u00f3n se\u00f1ala: \u201cLos mismos motivos de fuerza mayor podr\u00e1n ser alegados por los productores en caso de\u00a0<strong>incurrir en incumplimiento respecto de los exportadores<\/strong>, quienes deber\u00e1n admitir dicha circunstancia\u201d.<\/p>\n<p>La sequ\u00eda gener\u00f3 importantes da\u00f1os en este invierno y el trigo fue uno de los cultivos que sufri\u00f3 las consecuencias. Ante este escenario, el Gobierno entendi\u00f3 que era necesario adoptar medidas concretas a los fines de contener las consecuencias que pudieran ocasionar y sus implicancias en el escenario de la exportaci\u00f3n agr\u00edcola.<\/p>\n<\/div>\n","protected":false},"excerpt":{"rendered":"<p>El Gobierno dispuso la posibilidad de postergar los embarques para descomprimir las tensiones comerciales<\/p>\n","protected":false},"author":1,"featured_media":21754,"comment_status":"open","ping_status":"open","sticky":false,"template":"","format":"standard","meta":{"footnotes":""},"categories":[20],"tags":[],"class_list":["post-21753","post","type-post","status-publish","format-standard","has-post-thumbnail","hentry","category-actualidad"],"_links":{"self":[{"href":"https:\/\/informeagropecuario.com.ar\/index.php?rest_route=\/wp\/v2\/posts\/21753","targetHints":{"allow":["GET"]}}],"collection":[{"href":"https:\/\/informeagropecuario.com.ar\/index.php?rest_route=\/wp\/v2\/posts"}],"about":[{"href":"https:\/\/informeagropecuario.com.ar\/index.php?rest_route=\/wp\/v2\/types\/post"}],"author":[{"embeddable":true,"href":"https:\/\/informeagropecuario.com.ar\/index.php?rest_route=\/wp\/v2\/users\/1"}],"replies":[{"embeddable":true,"href":"https:\/\/informeagropecuario.com.ar\/index.php?rest_route=%2Fwp%2Fv2%2Fcomments&post=21753"}],"version-history":[{"count":1,"href":"https:\/\/informeagropecuario.com.ar\/index.php?rest_route=\/wp\/v2\/posts\/21753\/revisions"}],"predecessor-version":[{"id":21755,"href":"https:\/\/informeagropecuario.com.ar\/index.php?rest_route=\/wp\/v2\/posts\/21753\/revisions\/21755"}],"wp:featuredmedia":[{"embeddable":true,"href":"https:\/\/informeagropecuario.com.ar\/index.php?rest_route=\/wp\/v2\/media\/21754"}],"wp:attachment":[{"href":"https:\/\/informeagropecuario.com.ar\/index.php?rest_route=%2Fwp%2Fv2%2Fmedia&parent=21753"}],"wp:term":[{"taxonomy":"category","embeddable":true,"href":"https:\/\/informeagropecuario.com.ar\/index.php?rest_route=%2Fwp%2Fv2%2Fcategories&post=21753"},{"taxonomy":"post_tag","embeddable":true,"href":"https:\/\/informeagropecuario.com.ar\/index.php?rest_route=%2Fwp%2Fv2%2Ftags&post=21753"}],"curies":[{"name":"wp","href":"https:\/\/api.w.org\/{rel}","templated":true}]}}