{"id":21763,"date":"2022-11-03T17:41:26","date_gmt":"2022-11-03T20:41:26","guid":{"rendered":"http:\/\/informeagropecuario.com.ar\/?p=21763"},"modified":"2022-11-03T17:41:26","modified_gmt":"2022-11-03T20:41:26","slug":"vuelve-la-expo-rural-de-necochea","status":"publish","type":"post","link":"https:\/\/informeagropecuario.com.ar\/?p=21763","title":{"rendered":"Vuelve la Expo Rural de Necochea"},"content":{"rendered":"<p class=\"fparrafo ctext fz18 lh25\">Se desarrollar\u00e1 durante los pr\u00f3ximos s\u00e1bado y domingo en el predio de la Sociedad Rural, con exhibiciones de salto h\u00edpico, stands comerciales y gastron\u00f3micos y espect\u00e1culos art\u00edsticos. En la previa, el viernes habr\u00e1 remates.<!--more--><\/p>\n<p class=\"selectionShareable\">La tradicional Exposici\u00f3n Rural de Necochea, que se vio impedida de organizar por la pandemia los a\u00f1os anteriores, volver\u00e1 a lucir todo el potencial regional del campo el venidero fin de semana con numerosas alternativas para disfrutar en el predio de la Sociedad Rural, con ingreso por la esquina de Avenida 59 y 106.<\/p>\n<p class=\"selectionShareable\">En la previa del evento, que tendr\u00e1 desarrollo durante el s\u00e1bado 5 y el domingo 6 de noviembre, en la tarde del viernes se realizar\u00e1n remates de Feria y Destacados. El cronograma de esta fecha anuncia que a las 14:30 se pondr\u00e1n a la venta cinco toros Angus PP, cinco toros Angus PC, cien vaquillonas Angus y cincuenta vacas Angus CUT con 50 terneros.<\/p>\n<p class=\"selectionShareable\">En cuanto a las actividades abiertas al p\u00fablico, a las 8:30 del s\u00e1bado se abrir\u00e1n las puertas del predio, con una exhibici\u00f3n de salto h\u00edpico programada para las 11 y una sesi\u00f3n de equinoterapia a cargo de la Escuela de Equitaci\u00f3n \u201cLa Maj\u00faa\u201d y el Centro de Equinoterapia \u201cEl Cacique\u201d.<\/p>\n<p class=\"selectionShareable\">Sum\u00e1ndose a las cl\u00e1sicas exposiciones de maquinarias e insumos, el domingo al mediod\u00eda ser\u00e1 la Inauguraci\u00f3n Oficial del evento, mientras que a las 13 se llevar\u00e1 a cabo un almuerzo de camarader\u00eda.<\/p>\n<p class=\"selectionShareable\">Amenizando cada jornada habr\u00e1 stands comerciales y gastron\u00f3micos, adem\u00e1s de espect\u00e1culos art\u00edsticos, con las presentaciones confirmadas de la Agrupaci\u00f3n Cumel\u00e9n y Alma Pacha, desde las 16.<\/p>\n<p class=\"selectionShareable\">La entrada a la expo ser\u00e1 libre para toda la comunidad y enteramente gratuita.<\/p>\n<p class=\"selectionShareable\">\n<p class=\"selectionShareable\">\n","protected":false},"excerpt":{"rendered":"<p>Se desarrollar\u00e1 durante los pr\u00f3ximos s\u00e1bado y domingo en el predio de la Sociedad Rural,<\/p>\n","protected":false},"author":1,"featured_media":21764,"comment_status":"open","ping_status":"open","sticky":false,"template":"","format":"standard","meta":{"footnotes":""},"categories":[20],"tags":[],"class_list":["post-21763","post","type-post","status-publish","format-standard","has-post-thumbnail","hentry","category-actualidad"],"_links":{"self":[{"href":"https:\/\/informeagropecuario.com.ar\/index.php?rest_route=\/wp\/v2\/posts\/21763","targetHints":{"allow":["GET"]}}],"collection":[{"href":"https:\/\/informeagropecuario.com.ar\/index.php?rest_route=\/wp\/v2\/posts"}],"about":[{"href":"https:\/\/informeagropecuario.com.ar\/index.php?rest_route=\/wp\/v2\/types\/post"}],"author":[{"embeddable":true,"href":"https:\/\/informeagropecuario.com.ar\/index.php?rest_route=\/wp\/v2\/users\/1"}],"replies":[{"embeddable":true,"href":"https:\/\/informeagropecuario.com.ar\/index.php?rest_route=%2Fwp%2Fv2%2Fcomments&post=21763"}],"version-history":[{"count":1,"href":"https:\/\/informeagropecuario.com.ar\/index.php?rest_route=\/wp\/v2\/posts\/21763\/revisions"}],"predecessor-version":[{"id":21765,"href":"https:\/\/informeagropecuario.com.ar\/index.php?rest_route=\/wp\/v2\/posts\/21763\/revisions\/21765"}],"wp:featuredmedia":[{"embeddable":true,"href":"https:\/\/informeagropecuario.com.ar\/index.php?rest_route=\/wp\/v2\/media\/21764"}],"wp:attachment":[{"href":"https:\/\/informeagropecuario.com.ar\/index.php?rest_route=%2Fwp%2Fv2%2Fmedia&parent=21763"}],"wp:term":[{"taxonomy":"category","embeddable":true,"href":"https:\/\/informeagropecuario.com.ar\/index.php?rest_route=%2Fwp%2Fv2%2Fcategories&post=21763"},{"taxonomy":"post_tag","embeddable":true,"href":"https:\/\/informeagropecuario.com.ar\/index.php?rest_route=%2Fwp%2Fv2%2Ftags&post=21763"}],"curies":[{"name":"wp","href":"https:\/\/api.w.org\/{rel}","templated":true}]}}