{"id":21769,"date":"2022-11-06T11:58:28","date_gmt":"2022-11-06T14:58:28","guid":{"rendered":"http:\/\/informeagropecuario.com.ar\/?p=21769"},"modified":"2022-11-06T11:58:28","modified_gmt":"2022-11-06T14:58:28","slug":"terminal-quequen-acepto-este-jueves-la-prorroga-por-un-ano-de-la-concesion-del-elevador-granos","status":"publish","type":"post","link":"https:\/\/informeagropecuario.com.ar\/?p=21769","title":{"rendered":"Terminal Quequ\u00e9n acept\u00f3 este jueves la pr\u00f3rroga por un a\u00f1o de la concesi\u00f3n del elevador granos"},"content":{"rendered":"<p>La prorroga habia sido\u00a0\u00a0 propuesta por el\u00a0 Consorcio de Gesti\u00f3n de Puerto Quequ\u00e9n a\u00a0\u00a0fines de octubre.<!--more--><\/p>\n<p>El ente portuario hab\u00eda enviado la propuesta a fines de octubre y la respuesta se demor\u00f3 en llegar a manos del presidente Jorge Alvaro, por lo que el Puerto estuvo a punto de hacerse cargo del elevador donde funcion\u00f3 la Junta Nacional de Granos.<\/p>\n<p>En este contexto, Terminal Quequ\u00e9n continuar\u00e1 la operaci\u00f3n bajo iguales t\u00e9rminos hasta el 30 de noviembre de 2023, seg\u00fan se\u00a0 pudo saber\u00a0. La concesi\u00f3n finalizaba el pr\u00f3ximo 22 de noviembre.<\/p>\n<p>Mientras tanto, Puerto Quequ\u00e9n desarrollar\u00e1 la licitaci\u00f3n,\u00a0<strong>con un pliego que ya est\u00e1 listo<\/strong>, la nueva adjudicaci\u00f3n y el acta de concesi\u00f3n a fines de agosto del venidero a\u00f1o.<\/p>\n<p>La propuesta de la pr\u00f3rroga fue conversada el pasado viernes 28 de octubre en un di\u00e1logo entre el presidente del CGPQ,\u00a0<strong>Jorge\u00a0Alvaro<\/strong>, el gobernador<strong>\u00a0Axel Kicillof\u00a0<\/strong>y el ministro de Producci\u00f3n, Ciencia e Innovaci\u00f3n Tecnol\u00f3gica de la provincia de Buenos Aires,\u00a0<strong>Augusto Costa<\/strong>.<\/p>\n<p>D\u00edas atr\u00e1s, los trabajadores de Terminal Quequ\u00e9n hab\u00edan demostrado su preocupaci\u00f3n por la continuidad de las fuentes laborales en torno al vencimiento de la concesi\u00f3n. Fue el propio gobernador, en su llegada a que Quequ\u00e9n la semana pasada quien asegur\u00f3 que los puestos estaban garantizados.<\/p>\n<p>&nbsp;<\/p>\n<p>&nbsp;<\/p>\n<p>&nbsp;<\/p>\n<p>&nbsp;<\/p>\n<p>&nbsp;<\/p>\n<p>&nbsp;<\/p>\n<p>&nbsp;<\/p>\n<p>&nbsp;<\/p>\n<p>&nbsp;<\/p>\n<p>&nbsp;<\/p>\n<p>&nbsp;<\/p>\n<p>&nbsp;<\/p>\n<p>&nbsp;<\/p>\n<p>&nbsp;<\/p>\n<p>&nbsp;<\/p>\n<p>&nbsp;<\/p>\n<p>&nbsp;<\/p>\n<p>&nbsp;<\/p>\n<p>&nbsp;<\/p>\n<p>&nbsp;<\/p>\n<p>&nbsp;<\/p>\n<p>&nbsp;<\/p>\n<p>&nbsp;<\/p>\n<p>&nbsp;<\/p>\n<p>&nbsp;<\/p>\n<p>&nbsp;<\/p>\n<p>&nbsp;<\/p>\n<p>&nbsp;<\/p>\n<p>&nbsp;<\/p>\n<p>&nbsp;<\/p>\n<p>&nbsp;<\/p>\n<p>&nbsp;<\/p>\n<p>&nbsp;<\/p>\n<p>&nbsp;<\/p>\n<p>&nbsp;<\/p>\n<p>&nbsp;<\/p>\n<p>&nbsp;<\/p>\n<p>&nbsp;<\/p>\n<p>&nbsp;<\/p>\n<p>&nbsp;<\/p>\n<p>&nbsp;<\/p>\n<p>&nbsp;<\/p>\n<p>&nbsp;<\/p>\n<p>&nbsp;<\/p>\n<p>&nbsp;<\/p>\n<p>&nbsp;<\/p>\n<p>&nbsp;<\/p>\n<p>&nbsp;<\/p>\n<p>&nbsp;<\/p>\n<p>&nbsp;<\/p>\n<p>&nbsp;<\/p>\n<pre>diario4v.com<\/pre>\n","protected":false},"excerpt":{"rendered":"<p>La prorroga habia sido\u00a0\u00a0 propuesta por el\u00a0 Consorcio de Gesti\u00f3n de Puerto Quequ\u00e9n a\u00a0\u00a0fines de<\/p>\n","protected":false},"author":1,"featured_media":21770,"comment_status":"open","ping_status":"open","sticky":false,"template":"","format":"standard","meta":{"footnotes":""},"categories":[20],"tags":[],"class_list":["post-21769","post","type-post","status-publish","format-standard","has-post-thumbnail","hentry","category-actualidad"],"_links":{"self":[{"href":"https:\/\/informeagropecuario.com.ar\/index.php?rest_route=\/wp\/v2\/posts\/21769","targetHints":{"allow":["GET"]}}],"collection":[{"href":"https:\/\/informeagropecuario.com.ar\/index.php?rest_route=\/wp\/v2\/posts"}],"about":[{"href":"https:\/\/informeagropecuario.com.ar\/index.php?rest_route=\/wp\/v2\/types\/post"}],"author":[{"embeddable":true,"href":"https:\/\/informeagropecuario.com.ar\/index.php?rest_route=\/wp\/v2\/users\/1"}],"replies":[{"embeddable":true,"href":"https:\/\/informeagropecuario.com.ar\/index.php?rest_route=%2Fwp%2Fv2%2Fcomments&post=21769"}],"version-history":[{"count":1,"href":"https:\/\/informeagropecuario.com.ar\/index.php?rest_route=\/wp\/v2\/posts\/21769\/revisions"}],"predecessor-version":[{"id":21771,"href":"https:\/\/informeagropecuario.com.ar\/index.php?rest_route=\/wp\/v2\/posts\/21769\/revisions\/21771"}],"wp:featuredmedia":[{"embeddable":true,"href":"https:\/\/informeagropecuario.com.ar\/index.php?rest_route=\/wp\/v2\/media\/21770"}],"wp:attachment":[{"href":"https:\/\/informeagropecuario.com.ar\/index.php?rest_route=%2Fwp%2Fv2%2Fmedia&parent=21769"}],"wp:term":[{"taxonomy":"category","embeddable":true,"href":"https:\/\/informeagropecuario.com.ar\/index.php?rest_route=%2Fwp%2Fv2%2Fcategories&post=21769"},{"taxonomy":"post_tag","embeddable":true,"href":"https:\/\/informeagropecuario.com.ar\/index.php?rest_route=%2Fwp%2Fv2%2Ftags&post=21769"}],"curies":[{"name":"wp","href":"https:\/\/api.w.org\/{rel}","templated":true}]}}