{"id":21790,"date":"2022-11-12T09:49:09","date_gmt":"2022-11-12T12:49:09","guid":{"rendered":"http:\/\/informeagropecuario.com.ar\/?p=21790"},"modified":"2022-11-12T09:49:09","modified_gmt":"2022-11-12T12:49:09","slug":"inestabilidad-durante-el-fin-de-semana-que-zonas-recibiran-lluvias","status":"publish","type":"post","link":"https:\/\/informeagropecuario.com.ar\/?p=21790","title":{"rendered":"Inestabilidad durante el fin de semana: qu\u00e9 zonas recibir\u00e1n lluvias"},"content":{"rendered":"<p>Tras las precipitaciones llegar\u00eda un descenso de la temperatura, pero sin heladas<!--more--><\/p>\n<div class=\"body-1 mt-20\">\n<p>La circulaci\u00f3n de vientos del sector norte persiste, por lo cual permanece la<strong>\u00a0acumulaci\u00f3n de humedad en capas bajas de la atm\u00f3sfera<\/strong>. En este contexto, el\u00a0per\u00edodo de inestabilidad\u00a0que comenz\u00f3 en el jueves, tiene chances de continuar durante el fin de semana e inclusive buena parte del d\u00eda lunes en toda la zona central.<\/p>\n<\/div>\n<div class=\"body-2 mt-20\">\n<p>El este de Santa Fe, Entre R\u00edos y extremo este de Buenos Aires quedar\u00e1n algo relegados durante la primera parte del fin de semana en cuanto a las lluvias. Sin embargo, avanzado el s\u00e1bado y durante el domingo las lluvias alcanzar\u00edan esta regi\u00f3n.<\/p>\n<p>Las\u00a0<strong>precipitaciones, durante el d\u00eda domingo,<\/strong>\u00a0afectar\u00e1n con los mayores acumulados gran parte del NEA, norte de Entre R\u00edos, Corrientes y la franja oeste de la regi\u00f3n pampeana.<\/p>\n<\/div>\n<div class=\"body-3 mt-20\">\n<h2>Pr\u00f3ximos d\u00edas<\/h2>\n<h3>Temperaturas m\u00e1ximas<\/h3>\n<p>Persistir\u00e1 la entrada de vientos del tr\u00f3pico, aportando humedad y produciendo temperaturas m\u00e1ximas superiores a lo normal en el norte y el centro del \u00e1rea agr\u00edcola, pero sin llegar al sur.<\/p>\n<h3>Lluvias<\/h3>\n<p>Gracias al aporte de humedad, la mayor parte del \u00e1rea agr\u00edcola recibir\u00e1 precipitaciones abundantes. Sin embargo, habr\u00e1 un foco seco sobre Entre R\u00edos y Uruguay.<\/p>\n<h3>Temperaturas m\u00ednimas<\/h3>\n<p>Hacia el final del proceso, se producir\u00e1 un moderado descenso t\u00e9rmico, pero sin riesgo de heladas.<\/p>\n<\/div>\n","protected":false},"excerpt":{"rendered":"<p>Tras las precipitaciones llegar\u00eda un descenso de la temperatura, pero sin heladas<\/p>\n","protected":false},"author":1,"featured_media":21791,"comment_status":"open","ping_status":"open","sticky":false,"template":"","format":"standard","meta":{"footnotes":""},"categories":[20],"tags":[],"class_list":["post-21790","post","type-post","status-publish","format-standard","has-post-thumbnail","hentry","category-actualidad"],"_links":{"self":[{"href":"https:\/\/informeagropecuario.com.ar\/index.php?rest_route=\/wp\/v2\/posts\/21790","targetHints":{"allow":["GET"]}}],"collection":[{"href":"https:\/\/informeagropecuario.com.ar\/index.php?rest_route=\/wp\/v2\/posts"}],"about":[{"href":"https:\/\/informeagropecuario.com.ar\/index.php?rest_route=\/wp\/v2\/types\/post"}],"author":[{"embeddable":true,"href":"https:\/\/informeagropecuario.com.ar\/index.php?rest_route=\/wp\/v2\/users\/1"}],"replies":[{"embeddable":true,"href":"https:\/\/informeagropecuario.com.ar\/index.php?rest_route=%2Fwp%2Fv2%2Fcomments&post=21790"}],"version-history":[{"count":1,"href":"https:\/\/informeagropecuario.com.ar\/index.php?rest_route=\/wp\/v2\/posts\/21790\/revisions"}],"predecessor-version":[{"id":21792,"href":"https:\/\/informeagropecuario.com.ar\/index.php?rest_route=\/wp\/v2\/posts\/21790\/revisions\/21792"}],"wp:featuredmedia":[{"embeddable":true,"href":"https:\/\/informeagropecuario.com.ar\/index.php?rest_route=\/wp\/v2\/media\/21791"}],"wp:attachment":[{"href":"https:\/\/informeagropecuario.com.ar\/index.php?rest_route=%2Fwp%2Fv2%2Fmedia&parent=21790"}],"wp:term":[{"taxonomy":"category","embeddable":true,"href":"https:\/\/informeagropecuario.com.ar\/index.php?rest_route=%2Fwp%2Fv2%2Fcategories&post=21790"},{"taxonomy":"post_tag","embeddable":true,"href":"https:\/\/informeagropecuario.com.ar\/index.php?rest_route=%2Fwp%2Fv2%2Ftags&post=21790"}],"curies":[{"name":"wp","href":"https:\/\/api.w.org\/{rel}","templated":true}]}}