{"id":21798,"date":"2022-11-13T14:18:27","date_gmt":"2022-11-13T17:18:27","guid":{"rendered":"http:\/\/informeagropecuario.com.ar\/?p=21798"},"modified":"2022-11-13T14:22:51","modified_gmt":"2022-11-13T17:22:51","slug":"nueva-reunion-para-recuperar-el-tren-de-cargas-al-puerto-de-quequen","status":"publish","type":"post","link":"https:\/\/informeagropecuario.com.ar\/?p=21798","title":{"rendered":"Nueva reuni\u00f3n para recuperar el tren de cargas al Puerto de Quequ\u00e9n"},"content":{"rendered":"<p>El pasado jueves intendentes y funcionarios de gobierno de una importante cantidad de municipios de la regi\u00f3n se reunieron en Tandil con el objetivo de avanzar en el desarrollo de diferentes acciones con la intenci\u00f3n de reactivar el servicio del tren de cargas al puerto Quequ\u00e9n.<!--more--><\/p>\n<p>As\u00ed lo inform\u00f3 la Municipalidad de Lober\u00eda, se\u00f1alando que el encuentro fue encabezado por los intendentes Miguel Lunghi (Tandil) y Juan Jos\u00e9 Fioramonti (Lober\u00eda) y cont\u00f3 con la participaci\u00f3n de funcionarios de los municipios de Ayacucho, Balcarce, Benito Ju\u00e1rez, General Alvarado, Necochea, Rauch y San Cayetano, adem\u00e1s de integrantes del equipo de agrolog\u00edstica del INTA, autoridades de la Direcci\u00f3n Regional del INTA Buenos Aires \u2013 Sur, el director de la Estaci\u00f3n Experimental de Balcarce y miembros de la direcci\u00f3n nacional del INTA.<\/p>\n<p>Desde hace tiempo este grupo de distritos viene trabajando en la elaboraci\u00f3n de un proyecto de desarrollo regional, en el que el tren de cargas al puerto de Quequ\u00e9n es uno de los temas principales.<\/p>\n<p>En agosto pasado los jefes comunales se hab\u00edan reunido en Tandil con el objetivo de avanzar con las gestiones individuales y colectivas ante las autoridades provinciales y nacionales, para alcanzar la necesaria reactivaci\u00f3n de ese servicio ferroviario.<\/p>\n<p>En este caso los integrantes de los gobiernos locales expusieron a las autoridades del INTA el proyecto de desarrollo regional que impulsan y acordaron avanzar con la realizaci\u00f3n de un estudio que aportar\u00e1 datos certeros sobre el movimiento y potencial de la producci\u00f3n agropecuaria en esta regi\u00f3n, desde commodities a los productos con agregado de valor de las distintas cadenas.<\/p>\n<p>A su vez con este estudio se podr\u00e1 acceder a los datos f\u00edsicos y econ\u00f3micos de ese movimiento y valorizarlo. Como parte de ese trabajo tambi\u00e9n se har\u00e1 un diagn\u00f3stico de situaci\u00f3n del estado de las v\u00edas y las necesidades para su puesta en valor.<\/p>\n<p>El estudio tendr\u00e1 una mirada sist\u00e9mica, hol\u00edstica, pensando el desarrollo territorial de la regi\u00f3n hacia el futuro, involucrando tambi\u00e9n otras cuestiones relacionadas a la puesta en valor de las estaciones ferroviarias o el impulso a los pueblos rurales, que sin dudas tendr\u00eda un importante impacto en lo social y lo cultural en cada comunidad.-<\/p>\n","protected":false},"excerpt":{"rendered":"<p>El pasado jueves intendentes y funcionarios de gobierno de una importante cantidad de municipios de<\/p>\n","protected":false},"author":1,"featured_media":21803,"comment_status":"open","ping_status":"open","sticky":false,"template":"","format":"standard","meta":{"footnotes":""},"categories":[20],"tags":[],"class_list":["post-21798","post","type-post","status-publish","format-standard","has-post-thumbnail","hentry","category-actualidad"],"_links":{"self":[{"href":"https:\/\/informeagropecuario.com.ar\/index.php?rest_route=\/wp\/v2\/posts\/21798","targetHints":{"allow":["GET"]}}],"collection":[{"href":"https:\/\/informeagropecuario.com.ar\/index.php?rest_route=\/wp\/v2\/posts"}],"about":[{"href":"https:\/\/informeagropecuario.com.ar\/index.php?rest_route=\/wp\/v2\/types\/post"}],"author":[{"embeddable":true,"href":"https:\/\/informeagropecuario.com.ar\/index.php?rest_route=\/wp\/v2\/users\/1"}],"replies":[{"embeddable":true,"href":"https:\/\/informeagropecuario.com.ar\/index.php?rest_route=%2Fwp%2Fv2%2Fcomments&post=21798"}],"version-history":[{"count":2,"href":"https:\/\/informeagropecuario.com.ar\/index.php?rest_route=\/wp\/v2\/posts\/21798\/revisions"}],"predecessor-version":[{"id":21804,"href":"https:\/\/informeagropecuario.com.ar\/index.php?rest_route=\/wp\/v2\/posts\/21798\/revisions\/21804"}],"wp:featuredmedia":[{"embeddable":true,"href":"https:\/\/informeagropecuario.com.ar\/index.php?rest_route=\/wp\/v2\/media\/21803"}],"wp:attachment":[{"href":"https:\/\/informeagropecuario.com.ar\/index.php?rest_route=%2Fwp%2Fv2%2Fmedia&parent=21798"}],"wp:term":[{"taxonomy":"category","embeddable":true,"href":"https:\/\/informeagropecuario.com.ar\/index.php?rest_route=%2Fwp%2Fv2%2Fcategories&post=21798"},{"taxonomy":"post_tag","embeddable":true,"href":"https:\/\/informeagropecuario.com.ar\/index.php?rest_route=%2Fwp%2Fv2%2Ftags&post=21798"}],"curies":[{"name":"wp","href":"https:\/\/api.w.org\/{rel}","templated":true}]}}