{"id":21805,"date":"2022-11-14T19:27:19","date_gmt":"2022-11-14T22:27:19","guid":{"rendered":"http:\/\/informeagropecuario.com.ar\/?p=21805"},"modified":"2022-11-14T19:27:19","modified_gmt":"2022-11-14T22:27:19","slug":"las-lluvias-rompieron-la-tendencia-de-la-sequia-pero-fueron-dispersas-e-insuficientes","status":"publish","type":"post","link":"https:\/\/informeagropecuario.com.ar\/?p=21805","title":{"rendered":"Las lluvias rompieron la tendencia de la sequ\u00eda pero fueron \u00abdispersas\u00bb e \u00abinsuficientes\u00bb"},"content":{"rendered":"<p class=\"description mainfont\">Es la primera evaluaci\u00f3n que realizaron productores de diferentes zonas del pa\u00eds. Esperan m\u00e1s precipitaciones para los pr\u00f3ximos d\u00edas.<!--more--><\/p>\n<p>Las lluvias que se produjeron en las \u00faltimas horas en las distintas zonas agropecuarias del pa\u00eds sirvieron para romper la tendencia de la sequ\u00eda e insuflar algo de alivio a la situaci\u00f3n de falla h\u00eddrica en general, pero las primeras evaluaciones dan cuenta de que se necesitar\u00e1n de nuevos evento pluviales para acercarse a una situaci\u00f3n \u00f3ptima.<\/p>\n<p>La ca\u00edda de agua no fue uniforme dada la extensa zona del pa\u00eds que se ve\u00eda afectada por \u00abla seca\u00bb y en consecuencia se espera que se prologue en los pr\u00f3ximos d\u00edas y produzca una mejora en el escenario general<\/p>\n<p>Las evaluaciones de los principales entes oficiales y privados se conocer\u00e1n en las pr\u00f3ximas horas cuando el relevamiento pueda ser m\u00e1s amplio, pero quienes est\u00e1n en la primera l\u00ednea de producci\u00f3n habla de un \u00abalivio\u00bb aunue \u00abinsuficiente\u00bb.<\/p>\n<p>Juan Pablo Karnatz, pro secretario de CRA, consider\u00f3 a NA que\u00a0<strong>\u00abno es una lluvia que solucione el problema<\/strong>,<strong>\u00a0pero por lo menos rompe la tendencia<\/strong>\u00a0y ayuda a seguir. En algunos casos puede ayudar siembras ya hechas y en otros ayudar\u00e1 a las ya sembradas.<\/p>\n<div class=\"zone \">\n<div class=\"piece banner standard\">\n<div id=\"adbanner\" class=\"adbanner\" data-type=\"dfp\">\n<div id=\"banner_nota_inline_300x250_2\" data-dfp-banner-display=\"1\" data-dfp-path=\"\/22743187477\/banner_nota_inline_300x250_2\" data-dfp-type=\"banner_nota_inline_300x250\" data-dfp-id=\"banner_nota_inline_300x250_2\"><\/div>\n<\/div>\n<\/div>\n<\/div>\n<p>\u00abNo es una lluvia suficiente por las temperaturas que hemos tenido. Es algo, pero no es suficiente bajo ning\u00fan aspecto\u00bb, insisti\u00f3.<\/p>\n<p>Karnatz est\u00e1 afincado en Santiago del Estero y sostuvo que las lluvias<strong>\u00a0\u00abdeben seguir porque venimos de una seca muy importante\u00bb<\/strong>\u00a0y puntualiz\u00f3 que la cantidad de agua ca\u00edda se ubic\u00f3 entre 30 y 70 mil\u00edmetros de forma \u00abmuy dispersa\u00bb.<\/p>\n<p>Tambi\u00e9n indic\u00f3 que en algunos lugares fue de muy fuerte intensidad da\u00f1ando galpones y con una ca\u00edda de granizo perjudicial.<\/p>\n<p>Por su parte, distintos reportes de productores publicados en las redes sociales dan cuenta de que la bendici\u00f3n de la ca\u00edda de agua no fue para todos.<\/p>\n<div class=\"zone \">\n<div class=\"piece banner standard\">\n<div class=\"items\">\n<div class=\"item\"><\/div>\n<\/div>\n<\/div>\n<\/div>\n<p>En particular se destacan reportes del sudeste de la provincia de Buenos Aires, una de las zonas necesitadas de volumen h\u00eddrico.<\/p>\n<p>A su vez, en la zona de 9 de Julio se apuntaron ca\u00eddas de agua entre 26 y 60 mil\u00edmetros, con la misma caracter\u00edstica de no haber sido uniforme.<\/p>\n<p>Carlos Castagnini, vicepresidente tercero de CRA y con base en la zona de Venado Tuerto, precis\u00f3 a NA que las lluvias fueron entre 25 y 30 mil\u00edmetro, caudal al que tambi\u00e9n consider\u00f3 \u00aba\u00fan insuficiente\u00bb.<\/p>\n<p><strong>\u00abSiempre es mejor que nada pero fue menos de lo anunciado.<\/strong>\u00a0En lo que respecta al trigo ya los rinde de se ver\u00e1n afectados. Esta es una zona de 50 quintales de rendimiento que se reducir\u00e1n a 25 o 30 en el mejor de los casos.<\/p>\n<p>\u00abSe sembr\u00f3 poco ma\u00edz de primera y ya la mayor\u00eda de los productores pas\u00f3 al ma\u00edz de segunda. Con el agua que cay\u00f3 el ma\u00edz de primera sembrado puede tirar unos d\u00edas m\u00e1s pero tiene que seguir lloviendo porque es un cultivo que necesita mucha agua\u00bb, explic\u00f3.<\/p>\n<p>Desde la Sociedad Rural consideraron que a\u00fan es prematuro el impacto para hacer una evaluaci\u00f3n pero anticiparon que \u00ablas lluvias fueron dispersas\u00bb con lo cual el impacto depende de lo que sucedido en cada zona.<\/p>\n<p>La situaci\u00f3n luce m\u00e1s aliviada en el Norte. Roberto Consolani, de Formosa, destac\u00f3 que en los \u00faltimos dos d\u00edas cayeron 100 mil\u00edmetros y eso generar\u00e1 facilidades para la siembra y en especial para la recuperaci\u00f3n de pasturas para la ganader\u00eda, que en los \u00faltimos meses hab\u00eda estado muy afectada obligando a los productores a liquidar su hacienda con anticipaci\u00f3n generando p\u00e9rdidas.<\/p>\n<p>A\u00f1adi\u00f3 que desde la segunda semana de octubre se hab\u00eda comenzado a revertir la situaci\u00f3n en la provincia y que los eventos de los \u00faltimos dos d\u00edas afianzaron la recuperaci\u00f3n.<\/p>\n","protected":false},"excerpt":{"rendered":"<p>Es la primera evaluaci\u00f3n que realizaron productores de diferentes zonas del pa\u00eds. Esperan m\u00e1s precipitaciones<\/p>\n","protected":false},"author":1,"featured_media":21806,"comment_status":"open","ping_status":"open","sticky":false,"template":"","format":"standard","meta":{"footnotes":""},"categories":[20],"tags":[],"class_list":["post-21805","post","type-post","status-publish","format-standard","has-post-thumbnail","hentry","category-actualidad"],"_links":{"self":[{"href":"https:\/\/informeagropecuario.com.ar\/index.php?rest_route=\/wp\/v2\/posts\/21805","targetHints":{"allow":["GET"]}}],"collection":[{"href":"https:\/\/informeagropecuario.com.ar\/index.php?rest_route=\/wp\/v2\/posts"}],"about":[{"href":"https:\/\/informeagropecuario.com.ar\/index.php?rest_route=\/wp\/v2\/types\/post"}],"author":[{"embeddable":true,"href":"https:\/\/informeagropecuario.com.ar\/index.php?rest_route=\/wp\/v2\/users\/1"}],"replies":[{"embeddable":true,"href":"https:\/\/informeagropecuario.com.ar\/index.php?rest_route=%2Fwp%2Fv2%2Fcomments&post=21805"}],"version-history":[{"count":1,"href":"https:\/\/informeagropecuario.com.ar\/index.php?rest_route=\/wp\/v2\/posts\/21805\/revisions"}],"predecessor-version":[{"id":21807,"href":"https:\/\/informeagropecuario.com.ar\/index.php?rest_route=\/wp\/v2\/posts\/21805\/revisions\/21807"}],"wp:featuredmedia":[{"embeddable":true,"href":"https:\/\/informeagropecuario.com.ar\/index.php?rest_route=\/wp\/v2\/media\/21806"}],"wp:attachment":[{"href":"https:\/\/informeagropecuario.com.ar\/index.php?rest_route=%2Fwp%2Fv2%2Fmedia&parent=21805"}],"wp:term":[{"taxonomy":"category","embeddable":true,"href":"https:\/\/informeagropecuario.com.ar\/index.php?rest_route=%2Fwp%2Fv2%2Fcategories&post=21805"},{"taxonomy":"post_tag","embeddable":true,"href":"https:\/\/informeagropecuario.com.ar\/index.php?rest_route=%2Fwp%2Fv2%2Ftags&post=21805"}],"curies":[{"name":"wp","href":"https:\/\/api.w.org\/{rel}","templated":true}]}}