{"id":21817,"date":"2022-11-14T19:42:03","date_gmt":"2022-11-14T22:42:03","guid":{"rendered":"http:\/\/informeagropecuario.com.ar\/?p=21817"},"modified":"2022-11-14T19:42:03","modified_gmt":"2022-11-14T22:42:03","slug":"se-inicio-el-proceso-de-renovacion-del-directorio-del-consorcio-de-gestion-de-puerto-quequen","status":"publish","type":"post","link":"https:\/\/informeagropecuario.com.ar\/?p=21817","title":{"rendered":"Se inici\u00f3 el proceso de renovaci\u00f3n del directorio del Consorcio de Gesti\u00f3n de Puerto Quequ\u00e9n"},"content":{"rendered":"<p>D\u00edas pasados se venci\u00f3 el mandato de los directores que forman parte del directorio del Consorcio de Gesti\u00f3n de Puerto Quequ\u00e9n, por lo cual ya se inici\u00f3 el proceso de renovaci\u00f3n de dicho cuerpo.<!--more--><\/p>\n<p>D\u00edas pasados se venci\u00f3 el mandato de los directores que forman parte del directorio del Consorcio de Gesti\u00f3n de Puerto Quequ\u00e9n, por lo cual ya se inici\u00f3 el proceso de renovaci\u00f3n de dicho cuerpo.<\/p>\n<p>Mientras tanto la vieja conformaci\u00f3n tiene prorrogado el mandato, hasta tanto sean designados los ocho nuevos directores del citado Consorcio.<\/p>\n<p>\u00bfC\u00f3mo es la renovaci\u00f3n? tras vencerse el mandato, ahora cada uno de los sectores que integran dicho consejo debe postular a una persona. Una vez que est\u00e9 completa esa n\u00f3mina es elevada a la subsecretar\u00eda de Puerto y V\u00edas Navegables de la Provincia de Buenos Aires, que es la que la analiza y despu\u00e9s de un tiempo ( a veces varios meses) responde designando a los directores.<\/p>\n<p>Por lo cual este momento, hasta que se conforme la n\u00f3mina, es clave para ver c\u00f3mo se conforma este cuerpo estrat\u00e9gico de dicho Puerto.<\/p>\n<p>Est\u00e1 m\u00e1s que claro que ac\u00e1 tambi\u00e9n la pol\u00edtica y la rosca juega un papel determinante y muchas noticias o situaciones que han ocurrido o ocurrir\u00e1n\u00a0 est\u00e1n vinculadas a estas designaciones.<\/p>\n<p>Actualmente el directorio est\u00e1 compuesto por el presidente del Consorcio,\u00a0<strong>Jorge Alvaro<\/strong>, el gerente,\u00a0<strong>Oscar\u00a0 Mor\u00e1n\u00a0<\/strong>y ocho directores, \u00e9stos son los que se deben renovar.<\/p>\n<p>Los ocho directores representan a sectores que pueden ser empresas, productores, gremios, el municipio y c\u00e1maras.<\/p>\n<p>Los actuales directores son:<strong>\u00a0<\/strong>por el sector gremial:\u00a0<strong>\u00a0Daniel Monjes<\/strong>\u00a0de la Asociaci\u00f3n gremial de Terminal Quequ\u00e9n SA ;\u00a0<strong>Artemio Zufriategui\u00a0<\/strong>e integra la Asociaci\u00f3n del Personal de Direcci\u00f3n de Ferrocarriles Argentinos (APDFA);\u00a0<strong>Juan Carlos Perlata<\/strong>\u00a0es el representante del municipio y quien lo nombra es el intendente\u00a0<strong>Arturo Rojas<\/strong>; Por los productores Primarios se encuentra\u00a0<strong>Carina Gonzalez;\u00a0<\/strong>por lo exportadores,\u00a0<strong>Alejandro Gallegos;\u00a0<\/strong>por los Concesionarios y Permisionarios est\u00e1\u00a0<strong>Daniel Arce;\u00a0<\/strong>Con respectos a los prestadores de servicios\u00a0 est\u00e1\u00a0<strong>Eugenia Ruiz\u00a0<\/strong>de la Caproq. No est\u00e1 ocupado el director por los armadores de buques.<\/p>\n<p>Seg\u00fan la primeras informaciones habr\u00eda cambios en este cuerpo cuando se env\u00ede la n\u00f3mina. Hasta el momento los rumores indican que Daniel Monjes podr\u00eda ser reemplazado y este lugar podr\u00eda ocuparlo alguien de la Fempinra y con respecto a\u00a0 los prestadores de servicios, lugar que ocupa Eugenia Ruiz por Caproq, la informaci\u00f3n indica que en este cargo podr\u00eda nominarse a alguien de otra c\u00e1mara m\u00e1s vinculada a la operatoria de Puerto Quequ\u00e9n.<\/p>\n<p>&nbsp;<\/p>\n<p>&nbsp;<\/p>\n<p>&nbsp;<\/p>\n<p>&nbsp;<\/p>\n<p>&nbsp;<\/p>\n<p>&nbsp;<\/p>\n<p>&nbsp;<\/p>\n<p>&nbsp;<\/p>\n<p>&nbsp;<\/p>\n<p>&nbsp;<\/p>\n<p>&nbsp;<\/p>\n<p>&nbsp;<\/p>\n<p>&nbsp;<\/p>\n<p>&nbsp;<\/p>\n<p>&nbsp;<\/p>\n<p>&nbsp;<\/p>\n<p>&nbsp;<\/p>\n<p>&nbsp;<\/p>\n<p>&nbsp;<\/p>\n<p>&nbsp;<\/p>\n<p>&nbsp;<\/p>\n<p>&nbsp;<\/p>\n<p>&nbsp;<\/p>\n<p>&nbsp;<\/p>\n<p>&nbsp;<\/p>\n<p>&nbsp;<\/p>\n<p>&nbsp;<\/p>\n<p>&nbsp;<\/p>\n<p>&nbsp;<\/p>\n<p>&nbsp;<\/p>\n<p>&nbsp;<\/p>\n<p>&nbsp;<\/p>\n<p>&nbsp;<\/p>\n<p>&nbsp;<\/p>\n<p>&nbsp;<\/p>\n<p>&nbsp;<\/p>\n<p>&nbsp;<\/p>\n<pre>fuente:alertaalejandro.com.ar<\/pre>\n","protected":false},"excerpt":{"rendered":"<p>D\u00edas pasados se venci\u00f3 el mandato de los directores que forman parte del directorio del<\/p>\n","protected":false},"author":1,"featured_media":21818,"comment_status":"open","ping_status":"open","sticky":false,"template":"","format":"standard","meta":{"footnotes":""},"categories":[20],"tags":[],"class_list":["post-21817","post","type-post","status-publish","format-standard","has-post-thumbnail","hentry","category-actualidad"],"_links":{"self":[{"href":"https:\/\/informeagropecuario.com.ar\/index.php?rest_route=\/wp\/v2\/posts\/21817","targetHints":{"allow":["GET"]}}],"collection":[{"href":"https:\/\/informeagropecuario.com.ar\/index.php?rest_route=\/wp\/v2\/posts"}],"about":[{"href":"https:\/\/informeagropecuario.com.ar\/index.php?rest_route=\/wp\/v2\/types\/post"}],"author":[{"embeddable":true,"href":"https:\/\/informeagropecuario.com.ar\/index.php?rest_route=\/wp\/v2\/users\/1"}],"replies":[{"embeddable":true,"href":"https:\/\/informeagropecuario.com.ar\/index.php?rest_route=%2Fwp%2Fv2%2Fcomments&post=21817"}],"version-history":[{"count":1,"href":"https:\/\/informeagropecuario.com.ar\/index.php?rest_route=\/wp\/v2\/posts\/21817\/revisions"}],"predecessor-version":[{"id":21819,"href":"https:\/\/informeagropecuario.com.ar\/index.php?rest_route=\/wp\/v2\/posts\/21817\/revisions\/21819"}],"wp:featuredmedia":[{"embeddable":true,"href":"https:\/\/informeagropecuario.com.ar\/index.php?rest_route=\/wp\/v2\/media\/21818"}],"wp:attachment":[{"href":"https:\/\/informeagropecuario.com.ar\/index.php?rest_route=%2Fwp%2Fv2%2Fmedia&parent=21817"}],"wp:term":[{"taxonomy":"category","embeddable":true,"href":"https:\/\/informeagropecuario.com.ar\/index.php?rest_route=%2Fwp%2Fv2%2Fcategories&post=21817"},{"taxonomy":"post_tag","embeddable":true,"href":"https:\/\/informeagropecuario.com.ar\/index.php?rest_route=%2Fwp%2Fv2%2Ftags&post=21817"}],"curies":[{"name":"wp","href":"https:\/\/api.w.org\/{rel}","templated":true}]}}