{"id":21823,"date":"2022-11-15T16:11:16","date_gmt":"2022-11-15T19:11:16","guid":{"rendered":"http:\/\/informeagropecuario.com.ar\/?p=21823"},"modified":"2022-11-15T16:11:16","modified_gmt":"2022-11-15T19:11:16","slug":"coninagrorenueva-autoridades","status":"publish","type":"post","link":"https:\/\/informeagropecuario.com.ar\/?p=21823","title":{"rendered":"Coninagrorenueva autoridades"},"content":{"rendered":"<p>La Confederaci\u00f3n Intercooperativa Agropecuaria Limitada (Coninagro) renueva autoridades en el marco de la asamblea general ordinaria que se celebrar\u00e1 el 16 de noviembre.\u00a0<!--more--><\/p>\n<p>Con nombres consensuados, la Asociaci\u00f3n de Cooperativas Argentinas (ACA), con\u00a0<strong>Elbio Laucirica,<\/strong>\u00a0se quedar\u00e1 con la presidencia hasta 2024, en reemplazo de\u00a0<strong>Carlos Iannizzotto\u00a0<\/strong>de la Federaci\u00f3n de Cooperativas Vitivin\u00edcolas Argentinas (Fecovita). De esta manera, la presidencia deja de estar en manos de una econom\u00eda regional para quedar a cargo de la sexta exportadora de granos y subproductos de Argentina.<\/p>\n<p>Aunque Iannizotto ejerce la presidencia desde hace tres periodos, Laucirica, quien ocupa la vicepresidencia, fue tomando mayor protagonismo desde que el mendocino se tom\u00f3 una licencia\u00a0para lanzar su candidatura como diputado nacional, decisi\u00f2n que gener\u00f3 ruidos hacia adentro de la entidad.<\/p>\n<p>Tras el regreso de Iannizzotto a la presidencia luego de no ingresar al Congreso, la entidad qued\u00f3 bic\u00e9fala. El mendocino recuper\u00f3 la presidencia, pero en los temas referidos a los cultivos extensivos y la Mesa de Enlace, Laucirica fue el representante de la entidad.<\/p>\n<p>Con el ascenso de ACA a la presidencia, la dirigencia rural tendr\u00e1 tres representantes de la zona n\u00facleo y uno de las econom\u00edas regionales (Federaci\u00f3n Agraria). De esta manera se abre un panorama de mayores reclamos para el centro del pa\u00eds y con una cooperativa que tiene peso por s\u00ed sola.<\/p>\n<p>ACA ocupa el sexto lugar en exportaci\u00f3n de granos y es la cooperativa con mayor preponderancia en la entidad por su facturaci\u00f3n, n\u00famero de cooperativas de primer grado y productores asociados. Tener este peso espec\u00edfico le permite muchas veces inclinar la balanza en la toma de decisiones, aunque tiene el desaf\u00edo de tener intereses en ambos lados del mostrador: producci\u00f3n primaria y exportaci\u00f3n.<\/p>\n<p>\u201cNo son elecciones directas\u201d, explicaron en el entorno de la entidad el cambio de autoridades. Los nombres surgen de la designaci\u00f3n de las federaciones cooperativas que la integran. Adem\u00e1s, hay un acuerdo t\u00e1cito que cada dos mandatos debe cambiar la federaci\u00f3n que ocupa la presidencia. Sale\u00a0Fecovita y asume ACA.<\/p>\n<p>El mi\u00e9rcoles ser\u00e1 el d\u00eda en que se confirmar\u00e1 la presidencia en manos de ACA, pero antes, este martes se llevaba a cabo una preasamblea. Por la tarde, los delegados vigentes y quienes representan a la entidad en diferentes instituciones presentaban un balance del a\u00f1o.<\/p>\n<p>El mi\u00e9rcoles, cerca de las 9, se reunir\u00e1n las 29 personas que fueron designadas por las federaciones de cooperativas como delegados y delegadas. Cabe destacar que Coninagro es una cooperativa de tercer grado, que est\u00e1 conformada por nueve federaciones de cooperativas de segundo grado.<\/p>\n<p>&nbsp;<\/p>\n<p>Estas sociedades est\u00e1n integradas por cooperativas de primer grado, que tiene como socio a productores y productoras. En base a la facturaci\u00f3n de cada cooperativa de segundo grado, la cantidad de cooperativas y asociados, se establece el n\u00famero de representantes que aportar\u00e1n a la asamblea ordinaria. ACA posee nueve lugares, mientras que el resto var\u00edan entre tres y dos sillas.<\/p>\n<p>&nbsp;<\/p>\n<p>Cada federaci\u00f3n env\u00eda previamente los nombres que ocupar\u00e1n esos lugares. Luego se renueva el Consejo de Administraci\u00f3n Nacional, que est\u00e1 integrado por 15 personas, de los cuales cinco pertenecen a ACA, actualmente. En esta oportunidad se har\u00e1 oficial la salida del consejero cordob\u00e9s\u00a0<strong>Alejandro Buttiero<\/strong>, luego del conflicto por el tractorazo del 23 de abril.<\/p>\n<p>&nbsp;<\/p>\n<p>Una vez conformado el Consejo, se distribuyen los cargos de manera consensuada. En esta oportunidad, en el entorno de las diferentes federaciones confirmaron por lo bajo la presidencia de Laucirica. La vicepresidencia quedar\u00e1 a cargo de Fecovita. A\u00fan no trascendi\u00f3 qui\u00e9n ocupar\u00e1 esta silla, pero hay quienes no descartan que Iannizzotto ocupe este lugar.<\/p>\n<p>&nbsp;<\/p>\n","protected":false},"excerpt":{"rendered":"<p>La Confederaci\u00f3n Intercooperativa Agropecuaria Limitada (Coninagro) renueva autoridades en el marco de la asamblea general<\/p>\n","protected":false},"author":1,"featured_media":21825,"comment_status":"open","ping_status":"open","sticky":false,"template":"","format":"standard","meta":{"footnotes":""},"categories":[20],"tags":[],"class_list":["post-21823","post","type-post","status-publish","format-standard","has-post-thumbnail","hentry","category-actualidad"],"_links":{"self":[{"href":"https:\/\/informeagropecuario.com.ar\/index.php?rest_route=\/wp\/v2\/posts\/21823","targetHints":{"allow":["GET"]}}],"collection":[{"href":"https:\/\/informeagropecuario.com.ar\/index.php?rest_route=\/wp\/v2\/posts"}],"about":[{"href":"https:\/\/informeagropecuario.com.ar\/index.php?rest_route=\/wp\/v2\/types\/post"}],"author":[{"embeddable":true,"href":"https:\/\/informeagropecuario.com.ar\/index.php?rest_route=\/wp\/v2\/users\/1"}],"replies":[{"embeddable":true,"href":"https:\/\/informeagropecuario.com.ar\/index.php?rest_route=%2Fwp%2Fv2%2Fcomments&post=21823"}],"version-history":[{"count":1,"href":"https:\/\/informeagropecuario.com.ar\/index.php?rest_route=\/wp\/v2\/posts\/21823\/revisions"}],"predecessor-version":[{"id":21826,"href":"https:\/\/informeagropecuario.com.ar\/index.php?rest_route=\/wp\/v2\/posts\/21823\/revisions\/21826"}],"wp:featuredmedia":[{"embeddable":true,"href":"https:\/\/informeagropecuario.com.ar\/index.php?rest_route=\/wp\/v2\/media\/21825"}],"wp:attachment":[{"href":"https:\/\/informeagropecuario.com.ar\/index.php?rest_route=%2Fwp%2Fv2%2Fmedia&parent=21823"}],"wp:term":[{"taxonomy":"category","embeddable":true,"href":"https:\/\/informeagropecuario.com.ar\/index.php?rest_route=%2Fwp%2Fv2%2Fcategories&post=21823"},{"taxonomy":"post_tag","embeddable":true,"href":"https:\/\/informeagropecuario.com.ar\/index.php?rest_route=%2Fwp%2Fv2%2Ftags&post=21823"}],"curies":[{"name":"wp","href":"https:\/\/api.w.org\/{rel}","templated":true}]}}