{"id":21827,"date":"2022-11-16T15:18:31","date_gmt":"2022-11-16T18:18:31","guid":{"rendered":"http:\/\/informeagropecuario.com.ar\/?p=21827"},"modified":"2022-11-16T15:19:24","modified_gmt":"2022-11-16T18:19:24","slug":"elbio-laucirica-es-el-nuevo-presidente-de-coninagro","status":"publish","type":"post","link":"https:\/\/informeagropecuario.com.ar\/?p=21827","title":{"rendered":"Elbio Laucirica es el nuevo presidente de CONINAGRO"},"content":{"rendered":"<p>Elbio Laucirica fue designado como nuevo presidente de la Confederaci\u00f3n Intercooperativa Agropecuaria Limitada (Coninagro).\u00a0<!--more--><\/p>\n<p>Suceder\u00e1 al mendocino Carlos Iannizzotto, quien estuvo tres periodos consecutivos al frente de la entidad.<\/p>\n<p>La designaci\u00f3n,\u00a0 se llev\u00f3 a cabo durante la Asamblea General Ordinaria realizada junto a todas las Federaciones que integran la Confederaci\u00f3n. En la misma, hubo renovaci\u00f3n de autoridades, lectura de la memoria, informe contable y balance.<\/p>\n<p><strong>\u201cTenemos que trabajar pol\u00edticas que den previsibilidad y confianza para la inversi\u00f3n, que generar\u00e1n m\u00e1s trabajo y empleo a todas las econom\u00edas regionales del pa\u00eds\u201d<\/strong>, expres\u00f3 Laucirica al finalizar la Asamblea.<\/p>\n<p><img fetchpriority=\"high\" decoding=\"async\" class=\" wp-image-21829 alignleft\" src=\"https:\/\/informeagropecuario.com.ar\/wp-content\/uploads\/2022\/11\/AQ-1-300x186.jpg\" alt=\"\" width=\"342\" height=\"212\" srcset=\"https:\/\/informeagropecuario.com.ar\/wp-content\/uploads\/2022\/11\/AQ-1-300x186.jpg 300w, https:\/\/informeagropecuario.com.ar\/wp-content\/uploads\/2022\/11\/AQ-1.jpg 650w\" sizes=\"(max-width: 342px) 100vw, 342px\" \/><\/p>\n<p>Laucirica es<strong>\u00a0ingeniero agr\u00f3nomo, propietario de la empresa Interagro Rauch SRL<\/strong>, que se dedica a la ganader\u00eda y a la producci\u00f3n de cereales y oleaginosas.<\/p>\n<p>El flamante presidente de CONINAGRO, tambi\u00e9n es consejero de la Asociaci\u00f3n de Cooperativas Argentinas (ACA).<\/p>\n<p>Durante su paso por la pol\u00edtica, en los a\u00f1os \u201990, fue concejal de Rauch por la Uni\u00f3n C\u00edvica Radical y luego secretario de Hacienda de ese municipio hasta 2003. \u00daltimamente,\u00a0<strong>ven\u00eda teniendo una activa participaci\u00f3n en el seno de la Mesa de Enlace de Entidades Agropecuarias<\/strong>.<\/p>\n","protected":false},"excerpt":{"rendered":"<p>Elbio Laucirica fue designado como nuevo presidente de la Confederaci\u00f3n Intercooperativa Agropecuaria Limitada (Coninagro).\u00a0<\/p>\n","protected":false},"author":1,"featured_media":21828,"comment_status":"open","ping_status":"open","sticky":false,"template":"","format":"standard","meta":{"footnotes":""},"categories":[20],"tags":[],"class_list":["post-21827","post","type-post","status-publish","format-standard","has-post-thumbnail","hentry","category-actualidad"],"_links":{"self":[{"href":"https:\/\/informeagropecuario.com.ar\/index.php?rest_route=\/wp\/v2\/posts\/21827","targetHints":{"allow":["GET"]}}],"collection":[{"href":"https:\/\/informeagropecuario.com.ar\/index.php?rest_route=\/wp\/v2\/posts"}],"about":[{"href":"https:\/\/informeagropecuario.com.ar\/index.php?rest_route=\/wp\/v2\/types\/post"}],"author":[{"embeddable":true,"href":"https:\/\/informeagropecuario.com.ar\/index.php?rest_route=\/wp\/v2\/users\/1"}],"replies":[{"embeddable":true,"href":"https:\/\/informeagropecuario.com.ar\/index.php?rest_route=%2Fwp%2Fv2%2Fcomments&post=21827"}],"version-history":[{"count":2,"href":"https:\/\/informeagropecuario.com.ar\/index.php?rest_route=\/wp\/v2\/posts\/21827\/revisions"}],"predecessor-version":[{"id":21831,"href":"https:\/\/informeagropecuario.com.ar\/index.php?rest_route=\/wp\/v2\/posts\/21827\/revisions\/21831"}],"wp:featuredmedia":[{"embeddable":true,"href":"https:\/\/informeagropecuario.com.ar\/index.php?rest_route=\/wp\/v2\/media\/21828"}],"wp:attachment":[{"href":"https:\/\/informeagropecuario.com.ar\/index.php?rest_route=%2Fwp%2Fv2%2Fmedia&parent=21827"}],"wp:term":[{"taxonomy":"category","embeddable":true,"href":"https:\/\/informeagropecuario.com.ar\/index.php?rest_route=%2Fwp%2Fv2%2Fcategories&post=21827"},{"taxonomy":"post_tag","embeddable":true,"href":"https:\/\/informeagropecuario.com.ar\/index.php?rest_route=%2Fwp%2Fv2%2Ftags&post=21827"}],"curies":[{"name":"wp","href":"https:\/\/api.w.org\/{rel}","templated":true}]}}