{"id":21853,"date":"2022-11-21T15:19:28","date_gmt":"2022-11-21T18:19:28","guid":{"rendered":"http:\/\/informeagropecuario.com.ar\/?p=21853"},"modified":"2022-11-21T15:22:25","modified_gmt":"2022-11-21T18:22:25","slug":"las-rurales-del-sudeste-de-carbap-se-reunieron-en-necochea","status":"publish","type":"post","link":"https:\/\/informeagropecuario.com.ar\/?p=21853","title":{"rendered":"Las rurales del sudeste de CARBAP se reunieron en Necochea"},"content":{"rendered":"<p>La importante reuni\u00f3n fue encabezada por el presidente de la Confederaci\u00f3n de Asociaciones Rurales de Buenos Aires y La Pampa (Carbap), el suipachense Horacio Salaverri.<!--more--><\/p>\n<p>La Sociedad Rural del distrito de Necochea, y puntualmente, su predio ferial de Avenida 59 y calle 106, fue escenario este viernes 18 de noviembre de 2022, de una nueva reuni\u00f3n de las sociedades rurales del sudeste de la Provincia de Buenos Aires.<\/p>\n<p>Un numeroso grupo dirigentes dijeron presentes en la convocatoria necochense, porque hubo representaciones de los partidos de Lober\u00eda, Adolfo Gonz\u00e1les Ch\u00e1ves, Benito Ju\u00e1rez, Rauch, General Guido, Tandil, General Pueyrred\u00f3n, San Cayetano, Balcarce y Mar Chiquita.<\/p>\n<p>En la opotunidad, actuaron de anfitriones, en representaci\u00f3n de la rural necochense los dirigentes Patricio Bosch, Eugenio Cardenau, Juan Pablo Escand\u00f3n y secretar\u00eda a cargo de Laura Mart\u00ednez.<\/p>\n<p>Las diversas reuniones que la Confederaci\u00f3n de Asociaciones Rurales de Buenos Aires y La Pampa (Carbap) est\u00e1 manteniendo con el gobierno bonaerense para tratar la dif\u00edcil situaci\u00f3n de los productores agropecuarios por la falta de lluvias y las heladas y su impacto negativo en las distintas producciones, fue uno de los temas m\u00e1s importantes abordados por los dirigentes rurales en Necochea, entre otras cuestiones vinculadas con la situaci\u00f3n del pa\u00eds y en este contexto, el sector productivo.<\/p>\n<p><img fetchpriority=\"high\" decoding=\"async\" class=\" wp-image-21856 alignleft\" src=\"https:\/\/informeagropecuario.com.ar\/wp-content\/uploads\/2022\/11\/aq-30-300x169.jpg\" alt=\"\" width=\"490\" height=\"276\" srcset=\"https:\/\/informeagropecuario.com.ar\/wp-content\/uploads\/2022\/11\/aq-30-300x169.jpg 300w, https:\/\/informeagropecuario.com.ar\/wp-content\/uploads\/2022\/11\/aq-30-768x432.jpg 768w, https:\/\/informeagropecuario.com.ar\/wp-content\/uploads\/2022\/11\/aq-30-820x461.jpg 820w, https:\/\/informeagropecuario.com.ar\/wp-content\/uploads\/2022\/11\/aq-30.jpg 948w\" sizes=\"(max-width: 490px) 100vw, 490px\" \/>Durante la jornada hubo una visita al Puerto de Quequ\u00e9n donde hubo una recorrida al Sitio Cero. Tambi\u00e9n se mantuvo una reuni\u00f3n con integrantes del Consorcio de Gesti\u00f3n Puerto Quequ\u00e9n, ya que desde hace tiempo las entidades ruralistas del Sudeste vienen trabajando para el retorno de los trenes al puerto (este tema est\u00e1 puesto en la agenda de Carbap) . Los dirigentes ruralistas pudieron recorrer el puerto, la terminal Sitio Cero y apreciar todas las posibilidades que tiene Quequ\u00e9n, como puerto de calado profundo,imnportante para seguir con las distintas exportaciones y agregar incluso el transporte de contenedores.<\/p>\n<p>&nbsp;<\/p>\n","protected":false},"excerpt":{"rendered":"<p>La importante reuni\u00f3n fue encabezada por el presidente de la Confederaci\u00f3n de Asociaciones Rurales de<\/p>\n","protected":false},"author":1,"featured_media":21854,"comment_status":"open","ping_status":"open","sticky":false,"template":"","format":"standard","meta":{"footnotes":""},"categories":[20],"tags":[],"class_list":["post-21853","post","type-post","status-publish","format-standard","has-post-thumbnail","hentry","category-actualidad"],"_links":{"self":[{"href":"https:\/\/informeagropecuario.com.ar\/index.php?rest_route=\/wp\/v2\/posts\/21853","targetHints":{"allow":["GET"]}}],"collection":[{"href":"https:\/\/informeagropecuario.com.ar\/index.php?rest_route=\/wp\/v2\/posts"}],"about":[{"href":"https:\/\/informeagropecuario.com.ar\/index.php?rest_route=\/wp\/v2\/types\/post"}],"author":[{"embeddable":true,"href":"https:\/\/informeagropecuario.com.ar\/index.php?rest_route=\/wp\/v2\/users\/1"}],"replies":[{"embeddable":true,"href":"https:\/\/informeagropecuario.com.ar\/index.php?rest_route=%2Fwp%2Fv2%2Fcomments&post=21853"}],"version-history":[{"count":7,"href":"https:\/\/informeagropecuario.com.ar\/index.php?rest_route=\/wp\/v2\/posts\/21853\/revisions"}],"predecessor-version":[{"id":21862,"href":"https:\/\/informeagropecuario.com.ar\/index.php?rest_route=\/wp\/v2\/posts\/21853\/revisions\/21862"}],"wp:featuredmedia":[{"embeddable":true,"href":"https:\/\/informeagropecuario.com.ar\/index.php?rest_route=\/wp\/v2\/media\/21854"}],"wp:attachment":[{"href":"https:\/\/informeagropecuario.com.ar\/index.php?rest_route=%2Fwp%2Fv2%2Fmedia&parent=21853"}],"wp:term":[{"taxonomy":"category","embeddable":true,"href":"https:\/\/informeagropecuario.com.ar\/index.php?rest_route=%2Fwp%2Fv2%2Fcategories&post=21853"},{"taxonomy":"post_tag","embeddable":true,"href":"https:\/\/informeagropecuario.com.ar\/index.php?rest_route=%2Fwp%2Fv2%2Ftags&post=21853"}],"curies":[{"name":"wp","href":"https:\/\/api.w.org\/{rel}","templated":true}]}}