{"id":21866,"date":"2022-11-26T11:53:40","date_gmt":"2022-11-26T14:53:40","guid":{"rendered":"http:\/\/informeagropecuario.com.ar\/?p=21866"},"modified":"2022-11-26T11:53:40","modified_gmt":"2022-11-26T14:53:40","slug":"dolar-soja-a-230-hasta-fin-de-ano-el-nuevo-tipo-de-cambio-que-lanzo-el-gobierno-para-sumar-reservas","status":"publish","type":"post","link":"https:\/\/informeagropecuario.com.ar\/?p=21866","title":{"rendered":"D\u00f3lar soja a $230 hasta fin de a\u00f1o: el nuevo tipo de cambio que lanz\u00f3 el Gobierno para sumar reservas"},"content":{"rendered":"<p>Se conocieron los primeros lineamientos del nuevo d\u00f3lar soja; \u00abTendr\u00e1 un impacto directo en el precio\u00bb, destac\u00f3 Gustavo Id\u00edgoras<!--more--><\/p>\n<div class=\"body-1 mt-20\">\n<p>Finalmente, el gobierno nacional anunci\u00f3 que se implementar\u00e1 un nuevo\u00a0d\u00f3lar soja\u00a0de $230 que tendr\u00e1 vigencia hasta el 31 de diciembre de 2022.<\/p>\n<h2>Nuevo d\u00f3lar soja<\/h2>\n<p>De acuerdo al anuncio, el nuevo d\u00f3lar soja se aplicar\u00e1 para el poroto y los registros de exportaciones del\u00a0<strong>complejo industrial sojero.<\/strong><\/p>\n<p>\u00abA partir del d\u00eda lunes, vamos a reestablecer el programa de promoci\u00f3n de exportaciones para el complejo agroindustrial de lo que todo lo que es soja y sus derivados. Lo hacemos con la convicci\u00f3n de que\u00a0<strong>tenemos que lograr, al 30 de diciembre<\/strong>, batir el r\u00e9cord de exportaciones argentinas en lo que es el complejo agroindustrial, entendiendo que Argentina es parte de la agenda de la agenda de la seguridad alimentaria, al igual que el debate y la pelea por las prote\u00ednas a nivel global es una de las grandes peleas\u00bb, dijo Sergio Massa durante un encuentro que mantuvo con integrantes de la cadena agroindustrial.<\/p>\n<p>El<strong>\u00a0d\u00f3lar soja de $230<\/strong>\u00a0arranca el lunes y tambi\u00e9n se elimina el diferencial arancelario entre la soja y los subproductos, por lo que la retenci\u00f3n sobre la harina de soja y el aceite baja un 2%.\u00a0\u00abEsta medida forma parte de otras m\u00e1s, como la rebaja de dos puntos en las retenciones a la harina y aceite de soja, y medidas para que el aumento del precio del poroto no afecte al mercado interno\u00bb, dijo\u00a0<strong>Juan Jos\u00e9 Bahillo<\/strong>, secretario de Agricultura.<\/p>\n<p>Por otro lado, est\u00e1 prevista una compensaci\u00f3n para la cadena aviar, porcina y l\u00e1ctea, con una reglamentaci\u00f3n que estar\u00e1 a cargo de Agricultura. De esta forma, el Bahillo tambi\u00e9n explic\u00f3 que, con lo obtenido por el cobro de\u00a0derechos de exportaci\u00f3n, \u201cse trabajar\u00e1 en el financiamiento de promoci\u00f3n para econom\u00edas regionales; subsidios a las cadenas de valor av\u00edcola, bovina, lechera y porcina para aumentar producci\u00f3n; y un fondo para mantener valor de las asignaciones familiares\u201d.<\/p>\n<\/div>\n<div class=\"body-2 mt-20\">\n<p>Gustavo Id\u00edgoras, presidente de CIARA (C\u00e1mara de la Industria Aceitera de la Rep\u00fablica Argentina) y CEC (Centro Exportador de Cereales), consider\u00f3: \u201cVemos a esta nueva condici\u00f3n como una mejora que, aunque sea temporal, tendr\u00e1 un impacto directo en el precio de la soja en el mercado interno\u201d.<\/p>\n<p>Por otra parte, Id\u00edgoras resalt\u00f3 \u201cque la decisi\u00f3n de\u00a0<strong>venta de soja<\/strong>\u00a0est\u00e1 siempre en manos del productor, y ser\u00e1 \u00e9l quien decida cu\u00e1ndo vender, entendiendo que en esta oportunidad el tipo de cambio va a durar \u00fanicamente hasta fin de diciembre\u201d.<\/p>\n<p>De esta forma, con el nuevo d\u00f3lar soja, el Gobierno busca acelerar la venta de la cosecha, que\u00a0se fren\u00f3 una vez que termin\u00f3 septiembre.<\/p>\n<p>En cuanto a los posibles impactos, dijo que\u00a0<strong>\u201cel flujo estimado de ingreso de divisas para todo el complejo cerealero-oleaginoso durante el mes de diciembre estar\u00eda en 3 mil millones de d\u00f3lares\u201d<\/strong>.<\/p>\n<p>Asimismo, el titular de CIARA-CEC explic\u00f3 que hasta tanto no se logre la eliminaci\u00f3n de los derechos de exportaci\u00f3n, las al\u00edcuotas deben lograr la igualdad tributaria, es decir, un exportador de soja y un exportador de productos industriales de la soja deben pagar los<strong>\u00a0mismos impuestos por la tonelada de soja comprada.<\/strong><\/p>\n<p>Finalmente, el presidente de CIARA-CEC afirm\u00f3 que \u00abesta medida temporal deja en evidencia la necesidad de trabajar en una pol\u00edtica p\u00fablica que aligere en forma permanente la alta carga tributaria que pesa sobre la cadena de soja. Los cambios circunstanciales en e<strong>l tipo de cambio no son bases firmes para lograr el crecimiento y el desarrollo del sector.<\/strong>\u00a0Por eso propiciamos un \u00fanico tipo de cambio como pol\u00edtica permanente\u00bb.<\/p>\n<\/div>\n<div class=\"body-3 mt-20\">\n<p>Cuando el Gobierno comenz\u00f3 a evaluar la nueva versi\u00f3n del d\u00f3lar soja, la cadena de la oleaginosa (Acsoja)\u00a0rechaz\u00f3 esta medida por \u00abcoyuntural, injusta y arbitraria\u00bb.\u00a0\u00a0Seg\u00fan indicaron, estas medidas \u00abno suman al desaf\u00edo de hacer crecer la producci\u00f3n, generan confusi\u00f3n, trastornos y distorsiones en el trabajo cotidiano y din\u00e1mico para muchos actores de la cadena y de otras\u201d.<\/p>\n<p>D\u00edas atr\u00e1s, se cre\u00f3 a trav\u00e9s de la AFIP un sistema para\u00a0controlar a las empresas que ingresaron al tipo de cambio a $200 durante septiembre.<\/p>\n<p>&nbsp;<\/p>\n<\/div>\n","protected":false},"excerpt":{"rendered":"<p>Se conocieron los primeros lineamientos del nuevo d\u00f3lar soja; \u00abTendr\u00e1 un impacto directo en el<\/p>\n","protected":false},"author":1,"featured_media":21867,"comment_status":"open","ping_status":"open","sticky":false,"template":"","format":"standard","meta":{"footnotes":""},"categories":[20],"tags":[],"class_list":["post-21866","post","type-post","status-publish","format-standard","has-post-thumbnail","hentry","category-actualidad"],"_links":{"self":[{"href":"https:\/\/informeagropecuario.com.ar\/index.php?rest_route=\/wp\/v2\/posts\/21866","targetHints":{"allow":["GET"]}}],"collection":[{"href":"https:\/\/informeagropecuario.com.ar\/index.php?rest_route=\/wp\/v2\/posts"}],"about":[{"href":"https:\/\/informeagropecuario.com.ar\/index.php?rest_route=\/wp\/v2\/types\/post"}],"author":[{"embeddable":true,"href":"https:\/\/informeagropecuario.com.ar\/index.php?rest_route=\/wp\/v2\/users\/1"}],"replies":[{"embeddable":true,"href":"https:\/\/informeagropecuario.com.ar\/index.php?rest_route=%2Fwp%2Fv2%2Fcomments&post=21866"}],"version-history":[{"count":1,"href":"https:\/\/informeagropecuario.com.ar\/index.php?rest_route=\/wp\/v2\/posts\/21866\/revisions"}],"predecessor-version":[{"id":21868,"href":"https:\/\/informeagropecuario.com.ar\/index.php?rest_route=\/wp\/v2\/posts\/21866\/revisions\/21868"}],"wp:featuredmedia":[{"embeddable":true,"href":"https:\/\/informeagropecuario.com.ar\/index.php?rest_route=\/wp\/v2\/media\/21867"}],"wp:attachment":[{"href":"https:\/\/informeagropecuario.com.ar\/index.php?rest_route=%2Fwp%2Fv2%2Fmedia&parent=21866"}],"wp:term":[{"taxonomy":"category","embeddable":true,"href":"https:\/\/informeagropecuario.com.ar\/index.php?rest_route=%2Fwp%2Fv2%2Fcategories&post=21866"},{"taxonomy":"post_tag","embeddable":true,"href":"https:\/\/informeagropecuario.com.ar\/index.php?rest_route=%2Fwp%2Fv2%2Ftags&post=21866"}],"curies":[{"name":"wp","href":"https:\/\/api.w.org\/{rel}","templated":true}]}}