{"id":21869,"date":"2022-11-26T12:00:59","date_gmt":"2022-11-26T15:00:59","guid":{"rendered":"http:\/\/informeagropecuario.com.ar\/?p=21869"},"modified":"2022-11-26T12:00:59","modified_gmt":"2022-11-26T15:00:59","slug":"dolar-soja-ii-las-razones-que-apuraron-al-gobierno-para-volver-a-seducir-al-agro","status":"publish","type":"post","link":"https:\/\/informeagropecuario.com.ar\/?p=21869","title":{"rendered":"D\u00f3lar Soja II: las razones que apuraron al Gobierno para volver a seducir al agro"},"content":{"rendered":"<p>El Gobierno lanz\u00f3 una nueva edici\u00f3n del d\u00f3lar soja y se garantiz\u00f3 el ingreso de al menos u$s 3000 millones en exportaciones que le permitir\u00e1 llegar un poco m\u00e1s holgado a un verano, que ya se visualizaba como complicado. El lunes, el d\u00f3lar a $ 230 para el complejo sojero har\u00e1 su debut en medio del debate entre analistas sobre las razones que llevaron a Econom\u00eda a adelantar esta decisi\u00f3n.<!--more--><\/p>\n<p>Las reservas del Banco Central fue uno de los motivos centrales. Sin d\u00f3lar soja, se lograba cumplir la meta con el Fondo Monetario Internacional (FMI) pero se llegaba con lo justo. La autoridad liderada por Miguel Pesce termin\u00f3 esta semana con un saldo negativo de u$s35 millones, lo que representa su quinta semana consecutiva con ventas netas de reservas y p\u00e9rdidas del mes en torno a los u$s 987 millones.<\/p>\n<p>Esta medida, le permitir\u00e1 recuperar los u$s 1500 millones que perdi\u00f3 en ventas luego de la finalizaci\u00f3n del primer d\u00f3lar soja y obtener un respaldo de al menos u$s2000 para estirar en enero y febrero, meses en donde hist\u00f3ricamente el Central posee menos reservas a la espera de los ingresos de la cosecha gruesa que se dan entre marzo, abril y mayo.<\/p>\n<p>El dato que alarmaba a la entidad era la baja oferta del agro durante los meses seguidos a la finalizaci\u00f3n del d\u00f3lar soja. El sector vendi\u00f3 un promedio diario de u$s 64 millones en octubre y en noviembre, apenas un u$s 50 millones, seg\u00fan datos de la Bolsa de Comercio de Rosario. Pero a diferencia de lo que ocurri\u00f3 aquella vez, no hab\u00eda un atraso real en la comercializaci\u00f3n de soja sino un proceso normal en donde faltaba liquidar un 30%. Con este incentivo, se buscaba acelerar ese proceso.<\/p>\n<h3>El ma\u00edz, ven\u00eda peor de lo esperado<\/h3>\n<p>La siembra del ma\u00edz y de soja tiene el nivel m\u00e1s bajo de los \u00faltimos 22 a\u00f1os, seg\u00fan datos de la entidad rosarina. Las hect\u00e1reas \u00abefectivamente\u00bb implantadas con esos cultivos est\u00e1n un 40% por debajo de lo registrado el a\u00f1o pasado. El avance lento de la siembra por la falta de lluvias iba a provocar un efecto sobre el ingreso de divisas de manera indiscutida. Las \u00faltimas estimaciones previo al lanzamiento del nuevo d\u00f3lar soja hablaba de p\u00e9rdidas en torno a los u$s4800 millones s\u00f3lo si se tomaba en cuenta al trigo. En s\u00edntesis, el atraso de la siembra no s\u00f3lo implicaba una reducci\u00f3n de entre el 10% y el 15% de los rindes potenciales sino tambi\u00e9n una menor oferta de d\u00f3lares durante el verano.<\/p>\n<p>El economista Salvador Vitelli, en di\u00e1logo con \u00c1mbito sostuvo que \u00abla cosecha de trigo va a ser magra con precios internacionales que si bien son altos, no nos acompa\u00f1an demasiado\u00bb.<\/p>\n<p>Para el Gobierno, la liquidaci\u00f3n del ma\u00edz es clave ya que son esos ingresos los que le permit\u00edan llegar a niveles \u00f3ptimos hasta marzo con las reservas. Sin embargo, para Vitelli con estos datos que ven\u00eda brindando el sector sin ning\u00fan incentivo, \u00abese puente cada vez se te hac\u00eda m\u00e1s largo y ah\u00ed s\u00ed se pod\u00eda llegar a ver alg\u00fan tipo de inestabilidad en enero-febrero, pero esto es ya sacando el foco en las metas del FMI y yendo al plano de reservas y esquema macro\u00bb. Una suerte de \u00abcontrol de da\u00f1os\u00bb.<\/p>\n<h3>Sin incentivos para producir<\/h3>\n<p>En di\u00e1logo con este medio, dos representantes de la Mesa de Enlace aseguraron que este nuevo d\u00f3lar soja es un \u00abmejoramiento puntual\u00bb pero que no resuelve el problema estructural de falta de rentabilidad y alta carga impositiva.<\/p>\n<p>Seg\u00fan sostiene este sector, las dos medidas m\u00e1s solicitadas al Gobierno no era un d\u00f3lar soja, sino una rebaja impositiva y\/o baja de retenciones para incentivar al productor a invertir en un contexto malo en t\u00e9rminos clim\u00e1ticos y de incertidumbre pre electoral.<\/p>\n<p>Entre las razones que esgrimi\u00f3 el Ministerio de Econom\u00eda para tomar la decisi\u00f3n, se hace \u00e9nfasis en este punto: \u00abLo ten\u00edamos previsto a partir del primero de enero con el vencimiento del decreto. Tomamos la decisi\u00f3n de acelerarlo entendiendo que nos puede ayudar inclusive a generar la cultura de la promoci\u00f3n respecto a la proyecci\u00f3n de inversi\u00f3n para el 2023, apalanc\u00e1ndolo a partir de ahora\u00bb.<\/p>\n<p>Luego de conocerse la decisi\u00f3n, el analista Salvador Di St\u00e9fano en consulta con este medio, expres\u00f3: \u00abEl Gobierno beneficia al tenedor de soja y perjudica al resto. El estado los beneficia porque va a recaudar m\u00e1s d\u00f3lares, pero en verdad no es una mayor recaudaci\u00f3n, es un adelantamiento que el productor tarde o temprano iba a vender. Es para cerrar las cuentas con el FMI y despu\u00e9s vemos que pasa\u00bb.<\/p>\n<h3>El mercado cambiario, el riesgo latente<\/h3>\n<p>La suba de los d\u00f3lares paralelos durante esta semana no pas\u00f3 desapercibida. Durante el mes de septiembre, con la primera edici\u00f3n del d\u00f3lar soja, el mercado cambiario logr\u00f3 cierta estabilidad. En el caso del blue, los valores se mantuvieron entre los $ 270 y $ 285, alcanzando los $ 290 reci\u00e9n los \u00faltimos tres d\u00edas del mes cuando estaba finalizando el esquema. A igual nivel se mantuvo el D\u00f3lar MEP, que incluso lleg\u00f3 a bajar a los $ 269 y oper\u00f3 por debajo del blue en varias jornadas. El riesgo principal no estaba en un posible repunte a diciembre, sino m\u00e1s bien para enero y febrero que suelen ser meses complejos en el mercado cambiario y el riesgo a un salto que obligue a Econom\u00eda a devaluar, estaba latente.<\/p>\n<p>\u00abSi quer\u00edan llegar a como sea sin tener que devaluar, la \u00fanica manera de reforzar reservas era con eso. Se iba cumplir la meta de reservas internacionales netas del FMI pero necesitaban reforzarlas para que en enero y febrero que son con estacionalidad complicada en d\u00f3lares\u00bb, concluy\u00f3 Vitelli.<\/p>\n<p>&nbsp;<\/p>\n<p>&nbsp;<\/p>\n<p>&nbsp;<\/p>\n<p>&nbsp;<\/p>\n<p>&nbsp;<\/p>\n<p>&nbsp;<\/p>\n<p>&nbsp;<\/p>\n<p>&nbsp;<\/p>\n<p>&nbsp;<\/p>\n<p>&nbsp;<\/p>\n<p>&nbsp;<\/p>\n<p>&nbsp;<\/p>\n<p>&nbsp;<\/p>\n<p>&nbsp;<\/p>\n<p>&nbsp;<\/p>\n<p>&nbsp;<\/p>\n<p>&nbsp;<\/p>\n<p>&nbsp;<\/p>\n<p>&nbsp;<\/p>\n<p>&nbsp;<\/p>\n<p>&nbsp;<\/p>\n<p>&nbsp;<\/p>\n<p>&nbsp;<\/p>\n<p>&nbsp;<\/p>\n<p>&nbsp;<\/p>\n<p>&nbsp;<\/p>\n<p>&nbsp;<\/p>\n<p>&nbsp;<\/p>\n<p>&nbsp;<\/p>\n<p>&nbsp;<\/p>\n<p>&nbsp;<\/p>\n<p>&nbsp;<\/p>\n<p>&nbsp;<\/p>\n<p>&nbsp;<\/p>\n<p>&nbsp;<\/p>\n<p>&nbsp;<\/p>\n<p>&nbsp;<\/p>\n<p>&nbsp;<\/p>\n<p>&nbsp;<\/p>\n<p>&nbsp;<\/p>\n<p>&nbsp;<\/p>\n<p>&nbsp;<\/p>\n<p>&nbsp;<\/p>\n<p>&nbsp;<\/p>\n<p>&nbsp;<\/p>\n<p>&nbsp;<\/p>\n<p>&nbsp;<\/p>\n<p>&nbsp;<\/p>\n<p>&nbsp;<\/p>\n<p>&nbsp;<\/p>\n<p>&nbsp;<\/p>\n<p>&nbsp;<\/p>\n<p>&nbsp;<\/p>\n<p>&nbsp;<\/p>\n<p>&nbsp;<\/p>\n<pre>JUNIO DIGITAL<\/pre>\n","protected":false},"excerpt":{"rendered":"<p>El Gobierno lanz\u00f3 una nueva edici\u00f3n del d\u00f3lar soja y se garantiz\u00f3 el ingreso de<\/p>\n","protected":false},"author":1,"featured_media":21870,"comment_status":"open","ping_status":"open","sticky":false,"template":"","format":"standard","meta":{"footnotes":""},"categories":[20],"tags":[],"class_list":["post-21869","post","type-post","status-publish","format-standard","has-post-thumbnail","hentry","category-actualidad"],"_links":{"self":[{"href":"https:\/\/informeagropecuario.com.ar\/index.php?rest_route=\/wp\/v2\/posts\/21869","targetHints":{"allow":["GET"]}}],"collection":[{"href":"https:\/\/informeagropecuario.com.ar\/index.php?rest_route=\/wp\/v2\/posts"}],"about":[{"href":"https:\/\/informeagropecuario.com.ar\/index.php?rest_route=\/wp\/v2\/types\/post"}],"author":[{"embeddable":true,"href":"https:\/\/informeagropecuario.com.ar\/index.php?rest_route=\/wp\/v2\/users\/1"}],"replies":[{"embeddable":true,"href":"https:\/\/informeagropecuario.com.ar\/index.php?rest_route=%2Fwp%2Fv2%2Fcomments&post=21869"}],"version-history":[{"count":1,"href":"https:\/\/informeagropecuario.com.ar\/index.php?rest_route=\/wp\/v2\/posts\/21869\/revisions"}],"predecessor-version":[{"id":21871,"href":"https:\/\/informeagropecuario.com.ar\/index.php?rest_route=\/wp\/v2\/posts\/21869\/revisions\/21871"}],"wp:featuredmedia":[{"embeddable":true,"href":"https:\/\/informeagropecuario.com.ar\/index.php?rest_route=\/wp\/v2\/media\/21870"}],"wp:attachment":[{"href":"https:\/\/informeagropecuario.com.ar\/index.php?rest_route=%2Fwp%2Fv2%2Fmedia&parent=21869"}],"wp:term":[{"taxonomy":"category","embeddable":true,"href":"https:\/\/informeagropecuario.com.ar\/index.php?rest_route=%2Fwp%2Fv2%2Fcategories&post=21869"},{"taxonomy":"post_tag","embeddable":true,"href":"https:\/\/informeagropecuario.com.ar\/index.php?rest_route=%2Fwp%2Fv2%2Ftags&post=21869"}],"curies":[{"name":"wp","href":"https:\/\/api.w.org\/{rel}","templated":true}]}}