{"id":21872,"date":"2022-11-26T12:06:09","date_gmt":"2022-11-26T15:06:09","guid":{"rendered":"http:\/\/informeagropecuario.com.ar\/?p=21872"},"modified":"2022-11-26T12:06:09","modified_gmt":"2022-11-26T15:06:09","slug":"la-mesa-de-enlace-cruzo-al-gobierno-por-el-dolar-soja-ii","status":"publish","type":"post","link":"https:\/\/informeagropecuario.com.ar\/?p=21872","title":{"rendered":"La Mesa de Enlace cruz\u00f3 al Gobierno por el d\u00f3lar soja II"},"content":{"rendered":"<p>Referentes de las entidades que integran la Mesa de Enlace criticaron este s\u00e1bado al Gobierno tras el lanzamiento de la segunda edici\u00f3n del programa de d\u00f3lar soja, se\u00f1alaron que \u00abno es el camino a seguir\u00bb y que se trata de \u00abun parche\u00bb.<!--more--><\/p>\n<p class=\"paragraph\">Desde Federaci\u00f3n Agraria Argentina (FAA) apuntaron: \u00ab<strong>Reiteramos que este no es el camino a seguir\u00a0<\/strong>y que continuar multiplicando los tipos de cambio<strong>\u00a0atenta contra el sector y la econom\u00eda en general\u00bb<\/strong>, expresaron en un comunicado y agregaron: \u00abEstas pol\u00edticas\u00a0<strong>son parches que implican alg\u00fan beneficio a unos pocos\u00a0<\/strong>y complican a la mayor\u00eda\u00bb.<\/p>\n<p class=\"paragraph\"><strong>Carlos Achetoni,<\/strong>\u00a0presidente de FAA, evalu\u00f3 que\u00a0<strong>la versi\u00f3n anterior del d\u00f3lar soja \u201cimpact\u00f3 muy fuerte y negativamente sobre el precio de los arriendos<\/strong>, de los insumos de las econom\u00edas regionales, como as\u00ed tambi\u00e9n en los insumos de la actividad av\u00edcola, la ganader\u00eda vacuna y porcina y la lecher\u00eda, por lo que\u00a0<strong>no s\u00f3lo los productores no nos beneficiamos con nada, sino que directamente nos perjudicamos<\/strong>\u201d.<\/p>\n<p class=\"paragraph\">Achetoni adem\u00e1s enfatiz\u00f3 que \u201ces necesario que la Argentina pueda\u00a0<strong>contar con una pol\u00edtica agropecuaria integral,<\/strong>\u00a0que atienda las necesidades de todos los productores, que contenga a las econom\u00edas regionales y que contemple la dram\u00e1tica situaci\u00f3n que padecemos consecuencia de la\u00a0<strong>sequ\u00eda, heladas<\/strong>\u00a0y otras inclemencias clim\u00e1ticas.\u00a0<strong>Esa es la agenda real y urgente de los productores<\/strong>\u201d.<\/p>\n<p class=\"paragraph\">\u00abEl d\u00f3lar soja es beneficio para algunos y perjuicios para otros, ya se lo explicamos al gobierno\u00bb, agreg\u00f3 el titular de Coninagro,\u00a0<strong>Elbio Laucirica<\/strong>\u00a0en declaraciones radiales.<\/p>\n<p class=\"paragraph\">El presidente de la Sociedad Rural Argentina, Nicol\u00e1s Pino, consider\u00f3:\u00a0<strong>\u00abEl Gobierno sigue tomando medidas para beneficio propio<\/strong>\u00a0y no van en l\u00ednea con lo que queremos los productores, que es\u00a0<strong>un tipo de cambio \u00fanico y recibir el precio internacional del producto\u201d.<\/strong><\/p>\n<p class=\"paragraph\">Pino adem\u00e1s subray\u00f3 que \u201ca juzgar con lo que pas\u00f3 en septiembre con las operaciones en la cadena comercial entre canjes de insumos, alquileres de campos y precios en los mercados, nos preocupa porque\u00a0<strong>siempre aparecen los vivos<\/strong>\u201d.<\/p>\n<p class=\"paragraph\">\u00abNo sabemos \u2013dijo- c\u00f3mo va a funcionar este nuevo esquema cambiario. Habr\u00e1 que analizar la letra chica de los anuncios para saber si realmente le van a llegar a los productores\u00bb, agreg\u00f3.<\/p>\n<p>&nbsp;<\/p>\n<p>&nbsp;<\/p>\n<p>&nbsp;<\/p>\n<p>&nbsp;<\/p>\n<p>&nbsp;<\/p>\n<p>&nbsp;<\/p>\n<p>&nbsp;<\/p>\n<p>&nbsp;<\/p>\n<p>&nbsp;<\/p>\n<p>&nbsp;<\/p>\n<p>&nbsp;<\/p>\n<p>&nbsp;<\/p>\n<p>&nbsp;<\/p>\n<p>&nbsp;<\/p>\n<p>&nbsp;<\/p>\n<p>&nbsp;<\/p>\n<p>&nbsp;<\/p>\n<p>&nbsp;<\/p>\n<p>&nbsp;<\/p>\n<p>&nbsp;<\/p>\n<p>&nbsp;<\/p>\n<p>&nbsp;<\/p>\n<p>&nbsp;<\/p>\n<p>&nbsp;<\/p>\n<p>&nbsp;<\/p>\n<p>&nbsp;<\/p>\n<p>&nbsp;<\/p>\n<p>&nbsp;<\/p>\n<p>&nbsp;<\/p>\n<p>&nbsp;<\/p>\n<p>&nbsp;<\/p>\n<p>&nbsp;<\/p>\n<p>&nbsp;<\/p>\n<p>&nbsp;<\/p>\n<p>&nbsp;<\/p>\n<p>&nbsp;<\/p>\n<p>&nbsp;<\/p>\n<pre>jujuy al momento<\/pre>\n","protected":false},"excerpt":{"rendered":"<p>Referentes de las entidades que integran la Mesa de Enlace criticaron este s\u00e1bado al Gobierno<\/p>\n","protected":false},"author":1,"featured_media":21873,"comment_status":"open","ping_status":"open","sticky":false,"template":"","format":"standard","meta":{"footnotes":""},"categories":[20],"tags":[],"class_list":["post-21872","post","type-post","status-publish","format-standard","has-post-thumbnail","hentry","category-actualidad"],"_links":{"self":[{"href":"https:\/\/informeagropecuario.com.ar\/index.php?rest_route=\/wp\/v2\/posts\/21872","targetHints":{"allow":["GET"]}}],"collection":[{"href":"https:\/\/informeagropecuario.com.ar\/index.php?rest_route=\/wp\/v2\/posts"}],"about":[{"href":"https:\/\/informeagropecuario.com.ar\/index.php?rest_route=\/wp\/v2\/types\/post"}],"author":[{"embeddable":true,"href":"https:\/\/informeagropecuario.com.ar\/index.php?rest_route=\/wp\/v2\/users\/1"}],"replies":[{"embeddable":true,"href":"https:\/\/informeagropecuario.com.ar\/index.php?rest_route=%2Fwp%2Fv2%2Fcomments&post=21872"}],"version-history":[{"count":1,"href":"https:\/\/informeagropecuario.com.ar\/index.php?rest_route=\/wp\/v2\/posts\/21872\/revisions"}],"predecessor-version":[{"id":21874,"href":"https:\/\/informeagropecuario.com.ar\/index.php?rest_route=\/wp\/v2\/posts\/21872\/revisions\/21874"}],"wp:featuredmedia":[{"embeddable":true,"href":"https:\/\/informeagropecuario.com.ar\/index.php?rest_route=\/wp\/v2\/media\/21873"}],"wp:attachment":[{"href":"https:\/\/informeagropecuario.com.ar\/index.php?rest_route=%2Fwp%2Fv2%2Fmedia&parent=21872"}],"wp:term":[{"taxonomy":"category","embeddable":true,"href":"https:\/\/informeagropecuario.com.ar\/index.php?rest_route=%2Fwp%2Fv2%2Fcategories&post=21872"},{"taxonomy":"post_tag","embeddable":true,"href":"https:\/\/informeagropecuario.com.ar\/index.php?rest_route=%2Fwp%2Fv2%2Ftags&post=21872"}],"curies":[{"name":"wp","href":"https:\/\/api.w.org\/{rel}","templated":true}]}}