{"id":21875,"date":"2022-11-26T12:11:30","date_gmt":"2022-11-26T15:11:30","guid":{"rendered":"http:\/\/informeagropecuario.com.ar\/?p=21875"},"modified":"2022-11-26T12:11:30","modified_gmt":"2022-11-26T15:11:30","slug":"carbap-rechaza-la-nueva-version-del-dolar-soja","status":"publish","type":"post","link":"https:\/\/informeagropecuario.com.ar\/?p=21875","title":{"rendered":"Carbap rechaza la nueva versi\u00f3n del d\u00f3lar soja"},"content":{"rendered":"<p>En un comunicado Carbap destac\u00f3 que una vez m\u00e1s, se plantea err\u00f3neamente un nuevo adelantamiento de las liquidaciones de soja promovido por un valor del d\u00f3lar llamado \u201cD\u00f3lar Soja\u201dque comenzar\u00eda a regir el pr\u00f3ximo lunes 28 de noviembre hasta fines de diciembre.<!--more--><\/p>\n<p>Volver\u00e1 la cacer\u00eda en el zool\u00f3gico para algunos jugadores de la cadena, que resguardados en las necesidades fiscales del gobierno, embolsan disimuladamente un diferencial de precio que NO se le pagara al productor. Ya sucedi\u00f3 en el anterior \u201cPrograma de Incremento Exportador\u201c de septiembre \u00faltimo.<\/p>\n<p class=\"\">\u201cVolvemos a remarcar que es una medida macroecon\u00f3mica de suma cero (lo que se recauda este mes no se recaudar\u00e1 el pr\u00f3ximo trimestre) y no hace m\u00e1s que generar distorsiones en el mercado y promover consecuencias negativas en productores de distintas actividades conexas (tambos, granjas, etc)\u201d, consigna un documeneto elaborado por CARBAP (Confederaciones Rurales de Buenos Aires y La Pampa).<\/p>\n<p>De esa forma, asegura el comunicado, se pretende seguir manejando \u201cel ritmo de la producci\u00f3n agropecuaria desde un escritorio\u201d, indicando quien, cuando, c\u00f3mo y por cu\u00e1nto tiempo se establece un valor arbitrario de un producto.<\/p>\n<p>El campo necesita medidas que solucionen los graves problemas que tiene el sector debido a las retenciones, la brecha cambiaria y la inflaci\u00f3n entre otras variables.<\/p>\n<p>\u201cDesde CARBAP rechazamos esta medida coyuntural, cortoplacista, injusta y arbitraria que solo tiene como prop\u00f3sito seguir ganando tiempo\u201d, cerr\u00f3 el documento.<\/p>\n","protected":false},"excerpt":{"rendered":"<p>En un comunicado Carbap destac\u00f3 que una vez m\u00e1s, se plantea err\u00f3neamente un nuevo adelantamiento<\/p>\n","protected":false},"author":1,"featured_media":21876,"comment_status":"open","ping_status":"open","sticky":false,"template":"","format":"standard","meta":{"footnotes":""},"categories":[20],"tags":[],"class_list":["post-21875","post","type-post","status-publish","format-standard","has-post-thumbnail","hentry","category-actualidad"],"_links":{"self":[{"href":"https:\/\/informeagropecuario.com.ar\/index.php?rest_route=\/wp\/v2\/posts\/21875","targetHints":{"allow":["GET"]}}],"collection":[{"href":"https:\/\/informeagropecuario.com.ar\/index.php?rest_route=\/wp\/v2\/posts"}],"about":[{"href":"https:\/\/informeagropecuario.com.ar\/index.php?rest_route=\/wp\/v2\/types\/post"}],"author":[{"embeddable":true,"href":"https:\/\/informeagropecuario.com.ar\/index.php?rest_route=\/wp\/v2\/users\/1"}],"replies":[{"embeddable":true,"href":"https:\/\/informeagropecuario.com.ar\/index.php?rest_route=%2Fwp%2Fv2%2Fcomments&post=21875"}],"version-history":[{"count":1,"href":"https:\/\/informeagropecuario.com.ar\/index.php?rest_route=\/wp\/v2\/posts\/21875\/revisions"}],"predecessor-version":[{"id":21877,"href":"https:\/\/informeagropecuario.com.ar\/index.php?rest_route=\/wp\/v2\/posts\/21875\/revisions\/21877"}],"wp:featuredmedia":[{"embeddable":true,"href":"https:\/\/informeagropecuario.com.ar\/index.php?rest_route=\/wp\/v2\/media\/21876"}],"wp:attachment":[{"href":"https:\/\/informeagropecuario.com.ar\/index.php?rest_route=%2Fwp%2Fv2%2Fmedia&parent=21875"}],"wp:term":[{"taxonomy":"category","embeddable":true,"href":"https:\/\/informeagropecuario.com.ar\/index.php?rest_route=%2Fwp%2Fv2%2Fcategories&post=21875"},{"taxonomy":"post_tag","embeddable":true,"href":"https:\/\/informeagropecuario.com.ar\/index.php?rest_route=%2Fwp%2Fv2%2Ftags&post=21875"}],"curies":[{"name":"wp","href":"https:\/\/api.w.org\/{rel}","templated":true}]}}