{"id":21891,"date":"2022-11-28T09:34:39","date_gmt":"2022-11-28T12:34:39","guid":{"rendered":"http:\/\/informeagropecuario.com.ar\/?p=21891"},"modified":"2022-11-28T09:34:39","modified_gmt":"2022-11-28T12:34:39","slug":"licitaran-obras-para-la-playa-de-camiones-de-quequen","status":"publish","type":"post","link":"https:\/\/informeagropecuario.com.ar\/?p=21891","title":{"rendered":"Licitar\u00e1n obras para la Playa de Camiones de Quequ\u00e9n"},"content":{"rendered":"<p>El 21 de diciembre,\u00a0<strong>la Municipalidad de Necochea,<\/strong>\u00a0se realizar\u00e1 la apertura de sobres por la licitaci\u00f3n de obras de acondicionamiento de la playa municipal de camiones de Quequ\u00e9n.<!--more--><\/p>\n<p>Este proceso comprende una\u00a0<strong>inversi\u00f3n de unos $526.000.000<\/strong>, e incluye el movimiento de suelos y el relleno de depresiones, la construcci\u00f3n de una nueva \u00e1rea de escurrimiento del agua para que deje de estancarse como ha sido hasta ahora.<\/p>\n<p>Tambi\u00e9n la ubicaci\u00f3n de\u00a0<strong>luminarias led,<\/strong>\u00a0entre otras modificaciones.<\/p>\n<p>M\u00e1s all\u00e1 de eso en el \u00faltimo mes se ha trabajado en la\u00a0<strong>mejora del acceso,<\/strong>\u00a0arreglo de los estacionamientos interiores y regado continuo del predio.<\/p>\n<p>Otra novedad es que se est\u00e1 trabajando para poner en funcionamiento la\u00a0<strong>proveedur\u00eda del lugar.<\/strong><\/p>\n<p>La misma ser\u00e1 cedida en tenencia precaria a\u00a0<strong>una asociaci\u00f3n civil por un periodo de seis meses.<\/strong><\/p>\n<p>Seg\u00fan se pudo saber, la intenci\u00f3n, es que este\u00a0<strong>abierta desde inicios de diciembre<\/strong>, coincidente con la \u00e9poca de mayor movimiento en la playa por la cosecha.<\/p>\n<p>La entidad fue elegida de un listado un listado, que cuenta el \u00e1rea de Desarrollo Social.<\/p>\n<p><strong>Resta por resolver cu\u00e1l ser\u00e1 el futuro del restaurante,<\/strong>\u00a0dado que es una demanda de los transportistas.<\/p>\n<p>&nbsp;<\/p>\n<p>&nbsp;<\/p>\n<p>&nbsp;<\/p>\n<p>&nbsp;<\/p>\n<p>&nbsp;<\/p>\n<p>&nbsp;<\/p>\n<p>&nbsp;<\/p>\n<p>&nbsp;<\/p>\n<p>&nbsp;<\/p>\n<p>&nbsp;<\/p>\n<p>&nbsp;<\/p>\n<p>&nbsp;<\/p>\n<p>&nbsp;<\/p>\n<p>&nbsp;<\/p>\n<p>&nbsp;<\/p>\n<p>&nbsp;<\/p>\n<p>&nbsp;<\/p>\n<p>&nbsp;<\/p>\n<p>&nbsp;<\/p>\n<p>&nbsp;<\/p>\n<p>&nbsp;<\/p>\n<p>&nbsp;<\/p>\n<p>&nbsp;<\/p>\n<p>&nbsp;<\/p>\n<p>&nbsp;<\/p>\n<p>&nbsp;<\/p>\n<p>&nbsp;<\/p>\n<p>&nbsp;<\/p>\n<p>&nbsp;<\/p>\n<p>&nbsp;<\/p>\n<p>&nbsp;<\/p>\n<p>&nbsp;<\/p>\n<p>&nbsp;<\/p>\n<p>&nbsp;<\/p>\n<p>&nbsp;<\/p>\n<p>&nbsp;<\/p>\n<p>&nbsp;<\/p>\n<p>&nbsp;<\/p>\n<p>&nbsp;<\/p>\n<p>&nbsp;<\/p>\n<p>&nbsp;<\/p>\n<p>&nbsp;<\/p>\n<pre>TSN<\/pre>\n","protected":false},"excerpt":{"rendered":"<p>El 21 de diciembre,\u00a0la Municipalidad de Necochea,\u00a0se realizar\u00e1 la apertura de sobres por la licitaci\u00f3n<\/p>\n","protected":false},"author":1,"featured_media":21892,"comment_status":"open","ping_status":"open","sticky":false,"template":"","format":"standard","meta":{"footnotes":""},"categories":[20],"tags":[],"class_list":["post-21891","post","type-post","status-publish","format-standard","has-post-thumbnail","hentry","category-actualidad"],"_links":{"self":[{"href":"https:\/\/informeagropecuario.com.ar\/index.php?rest_route=\/wp\/v2\/posts\/21891","targetHints":{"allow":["GET"]}}],"collection":[{"href":"https:\/\/informeagropecuario.com.ar\/index.php?rest_route=\/wp\/v2\/posts"}],"about":[{"href":"https:\/\/informeagropecuario.com.ar\/index.php?rest_route=\/wp\/v2\/types\/post"}],"author":[{"embeddable":true,"href":"https:\/\/informeagropecuario.com.ar\/index.php?rest_route=\/wp\/v2\/users\/1"}],"replies":[{"embeddable":true,"href":"https:\/\/informeagropecuario.com.ar\/index.php?rest_route=%2Fwp%2Fv2%2Fcomments&post=21891"}],"version-history":[{"count":1,"href":"https:\/\/informeagropecuario.com.ar\/index.php?rest_route=\/wp\/v2\/posts\/21891\/revisions"}],"predecessor-version":[{"id":21893,"href":"https:\/\/informeagropecuario.com.ar\/index.php?rest_route=\/wp\/v2\/posts\/21891\/revisions\/21893"}],"wp:featuredmedia":[{"embeddable":true,"href":"https:\/\/informeagropecuario.com.ar\/index.php?rest_route=\/wp\/v2\/media\/21892"}],"wp:attachment":[{"href":"https:\/\/informeagropecuario.com.ar\/index.php?rest_route=%2Fwp%2Fv2%2Fmedia&parent=21891"}],"wp:term":[{"taxonomy":"category","embeddable":true,"href":"https:\/\/informeagropecuario.com.ar\/index.php?rest_route=%2Fwp%2Fv2%2Fcategories&post=21891"},{"taxonomy":"post_tag","embeddable":true,"href":"https:\/\/informeagropecuario.com.ar\/index.php?rest_route=%2Fwp%2Fv2%2Ftags&post=21891"}],"curies":[{"name":"wp","href":"https:\/\/api.w.org\/{rel}","templated":true}]}}