{"id":21982,"date":"2022-12-22T11:03:36","date_gmt":"2022-12-22T14:03:36","guid":{"rendered":"http:\/\/informeagropecuario.com.ar\/?p=21982"},"modified":"2022-12-22T11:03:36","modified_gmt":"2022-12-22T14:03:36","slug":"jose-voytenco-fue-reelecto-por-cuatro-anos-al-frente-de-la-uatre","status":"publish","type":"post","link":"https:\/\/informeagropecuario.com.ar\/?p=21982","title":{"rendered":"Jos\u00e9 Voytenco fue reelecto por cuatro a\u00f1os al frente de la UATRE"},"content":{"rendered":"<p>Los delegados congresales respaldaron la gesti\u00f3n de Jos\u00e9 Voytenco al frente de la UATRE hasta el 20 de diciembre de 2026<!--more--><\/p>\n<p>El dirigente\u00a0<strong>Jos\u00e9 Voytenco fue reelecto en el congreso de la Uni\u00f3n Argentina de Trabajadores Rurales y Estibadores (Uatre)<\/strong>\u00a0y estar\u00e1 al frente del sindicato hasta diciembre de 2026.<\/p>\n<p><span lang=\"ES\" xml:lang=\"ES\">El congreso se realiz\u00f3 este mi\u00e9rcoles en la ciudad bonaerense de Bah\u00eda Blanca y del encuentro participaron los integrantes del Secretariado Nacional y los delegados congresales de todo el pa\u00eds, quienes respaldaron por otros\u00a0<strong>cuatro a\u00f1os la gesti\u00f3n del secretario general y dirigente chaque\u00f1o.<\/strong><\/span><\/p>\n<p>\u00abLos delegados congresales respaldaron la gesti\u00f3n del compa\u00f1ero Jos\u00e9 Voytenco al frente de la\u00a0UATRE\u00a0por un periodo de 4 a\u00f1os, desde 21 de diciembre de 2022 al 20 de diciembre de 2026\u00bb, detall\u00f3 el comunicado distribuido desde la conducci\u00f3n de UATRE.<\/p>\n<p><span lang=\"ES\" xml:lang=\"ES\">\u00abEl congreso sesion\u00f3 en nombre de los compa\u00f1eros<strong> Ram\u00f3n Ayala, Juan Carlos Castro y Ger\u00f3nimo Momo Venegas.<\/strong> El encuentro cont\u00f3 con las garant\u00edas del delegado electoral judicial designado por la Justicia Federal, N\u00e9stor Horacio Acu\u00f1a, veedores del Ministerio de Trabajo, Empleo y Seguridad Social de la Naci\u00f3n, Daniel Luna y Agust\u00edn Edmuns y la directora de nacional de Asociaciones Sindicales, doctora M\u00f3nica Flora Rissotto\u00bb, se detall\u00f3.<\/span><\/p>\n<p><strong><span lang=\"ES\" xml:lang=\"ES\">Voytenco hab\u00eda quedado al frente de la UA<\/span>TRE tras la muerte por Covid-19 de Ram\u00f3n Ayala<\/strong>, en 2020. Ayala hab\u00eda sucedido al hist\u00f3rico Ger\u00f3nimo \u00abMomo\u00bb Venegas tras su fallecimiento, en 2017.<\/p>\n","protected":false},"excerpt":{"rendered":"<p>Los delegados congresales respaldaron la gesti\u00f3n de Jos\u00e9 Voytenco al frente de la UATRE hasta<\/p>\n","protected":false},"author":1,"featured_media":21983,"comment_status":"open","ping_status":"open","sticky":false,"template":"","format":"standard","meta":{"footnotes":""},"categories":[20],"tags":[],"class_list":["post-21982","post","type-post","status-publish","format-standard","has-post-thumbnail","hentry","category-actualidad"],"_links":{"self":[{"href":"https:\/\/informeagropecuario.com.ar\/index.php?rest_route=\/wp\/v2\/posts\/21982","targetHints":{"allow":["GET"]}}],"collection":[{"href":"https:\/\/informeagropecuario.com.ar\/index.php?rest_route=\/wp\/v2\/posts"}],"about":[{"href":"https:\/\/informeagropecuario.com.ar\/index.php?rest_route=\/wp\/v2\/types\/post"}],"author":[{"embeddable":true,"href":"https:\/\/informeagropecuario.com.ar\/index.php?rest_route=\/wp\/v2\/users\/1"}],"replies":[{"embeddable":true,"href":"https:\/\/informeagropecuario.com.ar\/index.php?rest_route=%2Fwp%2Fv2%2Fcomments&post=21982"}],"version-history":[{"count":1,"href":"https:\/\/informeagropecuario.com.ar\/index.php?rest_route=\/wp\/v2\/posts\/21982\/revisions"}],"predecessor-version":[{"id":21984,"href":"https:\/\/informeagropecuario.com.ar\/index.php?rest_route=\/wp\/v2\/posts\/21982\/revisions\/21984"}],"wp:featuredmedia":[{"embeddable":true,"href":"https:\/\/informeagropecuario.com.ar\/index.php?rest_route=\/wp\/v2\/media\/21983"}],"wp:attachment":[{"href":"https:\/\/informeagropecuario.com.ar\/index.php?rest_route=%2Fwp%2Fv2%2Fmedia&parent=21982"}],"wp:term":[{"taxonomy":"category","embeddable":true,"href":"https:\/\/informeagropecuario.com.ar\/index.php?rest_route=%2Fwp%2Fv2%2Fcategories&post=21982"},{"taxonomy":"post_tag","embeddable":true,"href":"https:\/\/informeagropecuario.com.ar\/index.php?rest_route=%2Fwp%2Fv2%2Ftags&post=21982"}],"curies":[{"name":"wp","href":"https:\/\/api.w.org\/{rel}","templated":true}]}}