{"id":23775,"date":"2024-01-20T14:52:33","date_gmt":"2024-01-20T17:52:33","guid":{"rendered":"http:\/\/informeagropecuario.com.ar\/?p=23775"},"modified":"2024-01-20T14:59:27","modified_gmt":"2024-01-20T17:59:27","slug":"puerto-quequen-renuncio-jorge-alvaro-y-dara-a-conocer-sus-motivos-en-conferencia-de-prensa","status":"publish","type":"post","link":"https:\/\/informeagropecuario.com.ar\/?p=23775","title":{"rendered":"Puerto Quequ\u00e9n: Renunci\u00f3 Jorge Alvaro y dar\u00e1 a conocer sus motivos en conferencia de prensa"},"content":{"rendered":"<p class=\"fparrafo ctext fz18 lh25\"><strong>Tras semanas de especulaciones, Jorge Alvaro, presidente de Puerto Quequ\u00e9n, ha oficializado su renuncia y convocado a una conferencia de prensa para el pr\u00f3ximo lunes a las 10 de la ma\u00f1ana. Mesa Sindical y Maritima \/Quequ\u00e9n en estado de alerta y movilizaci\u00f3n.<\/strong><!--more--><\/p>\n<p>El presidente de Puerto Quequ\u00e9n, Jorge \u00c1lvaro, ha presentado su renuncia al gobernador bonaerense Axel Kicillof, confirmando as\u00ed semanas de especulaciones sobre su continuidad en el cargo. La noticia fue oficializada la semana pasadaa NDEN, marcando el fin de un mandato que comenz\u00f3 a finales del a\u00f1o 2020, cuando \u00c1lvaro fue designado por el propio Kicillof.<\/p>\n<p class=\"selectionShareable\">Jorge \u00c1lvaro, reconocido militante peronista con una larga trayectoria, se despedir\u00e1 de su cargo en una conferencia de prensa programada para el pr\u00f3ximo lunes a las 10 de la ma\u00f1ana. Este anuncio pone fin a las incertidumbres sobre la permanencia de \u00c1lvaro al frente de Puerto Quequ\u00e9n.<\/p>\n<p class=\"selectionShareable\"><strong>El azule\u00f1o \u00c1lvaro ha tenido una carrera pol\u00edtica destacada, militando en la Juventud Universitaria Peronista.\u00a0<\/strong>Fue diputado nacional por Mendoza en la bancada del\u00a0Frente Para la Victoria entre 2007 y 2011, periodo en el que desarroll\u00f3 una estrecha relaci\u00f3n con N\u00e9stor Kirchner.<\/p>\n<p class=\"selectionShareable\"><strong>La renuncia de \u00c1lvaro genera interrogantes sobre qui\u00e9n ser\u00e1 su sucesor y c\u00f3mo se resolver\u00e1n las internas y presiones sindicales en torno a la designaci\u00f3n del pr\u00f3ximo l\u00edder para la terminal cerealera.<\/strong><\/p>\n<p class=\"selectionShareable\">Mientras tanto, el presidente saliente se prepara para despedirse en la conferencia de prensa del lunes.<\/p>\n<p class=\"selectionShareable\"><strong>Se espera que esta decisi\u00f3n tenga repercusiones en el \u00e1mbito pol\u00edtico y sindical, ya que diversas fuentes indican que hay presiones de gremios vinculados a la FEMPINRA para influir en la elecci\u00f3n del nuevo presidente de Puerto Quequ\u00e9n, quienes se hab\u00edan manifestado a favor del \u00abPampa\u00bb semanas atr\u00e1s.\u00a0\u00a0Aunque otras fuentes indican que \u00abun pacto entre Massa y Kicillof\u00bb podr\u00eda definir la designaci\u00f3n de la necochense, ex diputada nacional, Jimena L\u00f3pez.\u00a0<\/strong><\/p>\n<h2><\/h2>\n<h2>En un comunicado de prensa la Mesa Sindical y Mar\u00edtima\/ Quequ\u00e9n, inform\u00f3 su estado de Alerta y Movilizaci\u00f3n tras el alejamiento de Jorge \u00c1lvaro al frente del ente portuario.<\/h2>\n<p><img fetchpriority=\"high\" decoding=\"async\" class=\"alignnone wp-image-23777\" src=\"https:\/\/informeagropecuario.com.ar\/wp-content\/uploads\/2024\/01\/Imagen-1-3-236x300.jpg\" alt=\"\" width=\"333\" height=\"423\" srcset=\"https:\/\/informeagropecuario.com.ar\/wp-content\/uploads\/2024\/01\/Imagen-1-3-236x300.jpg 236w, https:\/\/informeagropecuario.com.ar\/wp-content\/uploads\/2024\/01\/Imagen-1-3.jpg 521w\" sizes=\"(max-width: 333px) 100vw, 333px\" \/><\/p>\n<p>&nbsp;<\/p>\n","protected":false},"excerpt":{"rendered":"<p>Tras semanas de especulaciones, Jorge Alvaro, presidente de Puerto Quequ\u00e9n, ha oficializado su renuncia y<\/p>\n","protected":false},"author":1,"featured_media":23778,"comment_status":"open","ping_status":"open","sticky":false,"template":"","format":"standard","meta":{"footnotes":""},"categories":[20],"tags":[],"class_list":["post-23775","post","type-post","status-publish","format-standard","has-post-thumbnail","hentry","category-actualidad"],"_links":{"self":[{"href":"https:\/\/informeagropecuario.com.ar\/index.php?rest_route=\/wp\/v2\/posts\/23775","targetHints":{"allow":["GET"]}}],"collection":[{"href":"https:\/\/informeagropecuario.com.ar\/index.php?rest_route=\/wp\/v2\/posts"}],"about":[{"href":"https:\/\/informeagropecuario.com.ar\/index.php?rest_route=\/wp\/v2\/types\/post"}],"author":[{"embeddable":true,"href":"https:\/\/informeagropecuario.com.ar\/index.php?rest_route=\/wp\/v2\/users\/1"}],"replies":[{"embeddable":true,"href":"https:\/\/informeagropecuario.com.ar\/index.php?rest_route=%2Fwp%2Fv2%2Fcomments&post=23775"}],"version-history":[{"count":4,"href":"https:\/\/informeagropecuario.com.ar\/index.php?rest_route=\/wp\/v2\/posts\/23775\/revisions"}],"predecessor-version":[{"id":23782,"href":"https:\/\/informeagropecuario.com.ar\/index.php?rest_route=\/wp\/v2\/posts\/23775\/revisions\/23782"}],"wp:featuredmedia":[{"embeddable":true,"href":"https:\/\/informeagropecuario.com.ar\/index.php?rest_route=\/wp\/v2\/media\/23778"}],"wp:attachment":[{"href":"https:\/\/informeagropecuario.com.ar\/index.php?rest_route=%2Fwp%2Fv2%2Fmedia&parent=23775"}],"wp:term":[{"taxonomy":"category","embeddable":true,"href":"https:\/\/informeagropecuario.com.ar\/index.php?rest_route=%2Fwp%2Fv2%2Fcategories&post=23775"},{"taxonomy":"post_tag","embeddable":true,"href":"https:\/\/informeagropecuario.com.ar\/index.php?rest_route=%2Fwp%2Fv2%2Ftags&post=23775"}],"curies":[{"name":"wp","href":"https:\/\/api.w.org\/{rel}","templated":true}]}}