{"id":23783,"date":"2024-01-23T17:04:03","date_gmt":"2024-01-23T20:04:03","guid":{"rendered":"http:\/\/informeagropecuario.com.ar\/?p=23783"},"modified":"2024-01-23T17:04:03","modified_gmt":"2024-01-23T20:04:03","slug":"la-medida-de-fuerza-de-la-cgt-afecta-al-complejo-agroexportador-paro-en-todas-las-plantas-aceiteras-y-del-biodiesel","status":"publish","type":"post","link":"https:\/\/informeagropecuario.com.ar\/?p=23783","title":{"rendered":"La medida de fuerza de la CGT afecta al complejo agroexportador: \u201cParo en todas las plantas aceiteras y del biodi\u00e9sel\u201d"},"content":{"rendered":"<p>El gremio anunci\u00f3 que habr\u00e1 medida de fuerza durante 24 horas; informaron que habr\u00e1 acompa\u00f1amiento a nivel local, regional y nacional<!--more--><\/p>\n<p>La Confederaci\u00f3n General del Trabajo (CGT) lanz\u00f3 un paro general para este\u00a0mi\u00e9rcoles en contra del decreto de necesidad y urgencia y del proyecto de ley \u00f3mnibus.\u00a0En este marco, el gremio de aceiteros, entre otros, se suman a la medida de fuerza.<\/p>\n<p>La Federaci\u00f3n de Trabajadores del Complejo Industrial Oleaginoso, Desmotadores de Algod\u00f3n y Afines de la Rep\u00fablica Argentina (Ftciodyara) adhiere al paro general con movilizaci\u00f3n convocado por la CGT, inform\u00f3 el gremio. Adem\u00e1s, la filial del Gran Rosario, el Sindicato de Obreros y Empleados Aceiteros del departamento San Lorenzo (SOEA)\u00a0<strong>destac\u00f3 su total adhesi\u00f3n por 24 horas.<\/strong><\/p>\n<div id=\"body-1\" class=\"body-1 mt-20\">\n<p>A trav\u00e9s de una comunicaci\u00f3n a sus afiliados, el gremio inform\u00f3 que<strong>\u00a0el sector trabajador de aceiteros y desmotadores participar\u00e1n de la medida de fuerza activa con movilizaci\u00f3n.<\/strong>\u00a0\u201cEl paro ser\u00e1 de 24 horas en dicha fecha 24 de enero, contando desde las 0 hasta las 24\u201d, comunic\u00f3 la federaci\u00f3n.<\/p>\n<\/div>\n<div id=\"body-2\">\n<div id=\"body-2\" class=\"body-2 mt-20\">\n<p>Por su parte, SOEA hizo llegar a los trabajadores la siguiente comunicaci\u00f3n: \u201cParo en todas las plantas aceiteras y del biodi\u00e9sel del departamento San Lorenzo por 24 horas.\u00a0La medida de acci\u00f3n directa comienza con cada uno de los primeros turnos que ingresan las plantas\u201d.<\/p>\n<p><iframe src=\"https:\/\/www.facebook.com\/plugins\/post.php?href=https%3A%2F%2Fwww.facebook.com%2FSOEAOficial%2Fposts%2Fpfbid02FYwYAncGR7derFkBwAXh59GUiwAvcdxwMHbPxi7NvcqTEJxpChmtNfWwdcKbm1JYl&amp;show_text=false&amp;width=500\" width=\"500\" height=\"497\" frameborder=\"0\" scrolling=\"no\" data-mce-fragment=\"1\"><\/iframe><\/p>\n<p>Adem\u00e1s, el gremio plante\u00f3 que de esta forma se rechaza en forma contundente las reformas que intenta realizar el Poder Ejecutivo de la Naci\u00f3n lo cual \u201cagravia, retrocede y afecta\u201d los derechos laborales.<\/p>\n<\/div>\n<\/div>\n<div id=\"body-3\">\n<div id=\"body-3\" class=\"body-3 mt-20\">\n<p>Por su parte, la federaci\u00f3n nacional public\u00f3 un documento con los argumentos y motivos del paro. \u201cRechazamos la reforma laboral del DNU 70\/2023 por el derecho a huelga, proh\u00edbe las asambleas, desfinancia al sindicato\u201d.<\/p>\n<\/div>\n<\/div>\n","protected":false},"excerpt":{"rendered":"<p>El gremio anunci\u00f3 que habr\u00e1 medida de fuerza durante 24 horas; informaron que habr\u00e1 acompa\u00f1amiento<\/p>\n","protected":false},"author":1,"featured_media":23784,"comment_status":"open","ping_status":"open","sticky":false,"template":"","format":"standard","meta":{"footnotes":""},"categories":[20],"tags":[],"class_list":["post-23783","post","type-post","status-publish","format-standard","has-post-thumbnail","hentry","category-actualidad"],"_links":{"self":[{"href":"https:\/\/informeagropecuario.com.ar\/index.php?rest_route=\/wp\/v2\/posts\/23783","targetHints":{"allow":["GET"]}}],"collection":[{"href":"https:\/\/informeagropecuario.com.ar\/index.php?rest_route=\/wp\/v2\/posts"}],"about":[{"href":"https:\/\/informeagropecuario.com.ar\/index.php?rest_route=\/wp\/v2\/types\/post"}],"author":[{"embeddable":true,"href":"https:\/\/informeagropecuario.com.ar\/index.php?rest_route=\/wp\/v2\/users\/1"}],"replies":[{"embeddable":true,"href":"https:\/\/informeagropecuario.com.ar\/index.php?rest_route=%2Fwp%2Fv2%2Fcomments&post=23783"}],"version-history":[{"count":1,"href":"https:\/\/informeagropecuario.com.ar\/index.php?rest_route=\/wp\/v2\/posts\/23783\/revisions"}],"predecessor-version":[{"id":23785,"href":"https:\/\/informeagropecuario.com.ar\/index.php?rest_route=\/wp\/v2\/posts\/23783\/revisions\/23785"}],"wp:featuredmedia":[{"embeddable":true,"href":"https:\/\/informeagropecuario.com.ar\/index.php?rest_route=\/wp\/v2\/media\/23784"}],"wp:attachment":[{"href":"https:\/\/informeagropecuario.com.ar\/index.php?rest_route=%2Fwp%2Fv2%2Fmedia&parent=23783"}],"wp:term":[{"taxonomy":"category","embeddable":true,"href":"https:\/\/informeagropecuario.com.ar\/index.php?rest_route=%2Fwp%2Fv2%2Fcategories&post=23783"},{"taxonomy":"post_tag","embeddable":true,"href":"https:\/\/informeagropecuario.com.ar\/index.php?rest_route=%2Fwp%2Fv2%2Ftags&post=23783"}],"curies":[{"name":"wp","href":"https:\/\/api.w.org\/{rel}","templated":true}]}}