{"id":23786,"date":"2024-01-23T17:06:53","date_gmt":"2024-01-23T20:06:53","guid":{"rendered":"http:\/\/informeagropecuario.com.ar\/?p=23786"},"modified":"2024-01-23T17:06:53","modified_gmt":"2024-01-23T20:06:53","slug":"la-uatre-para-y-moviliza-al-congreso-junto-a-la-cgt-contra-la-reforma-laboral-de-milei","status":"publish","type":"post","link":"https:\/\/informeagropecuario.com.ar\/?p=23786","title":{"rendered":"La UATRE para y moviliza al Congreso junto a la CGT contra la reforma laboral de Milei"},"content":{"rendered":"<p>La\u00a0<strong>Uni\u00f3n Argentina de Trabajadores Rurales y Estibadores (UATRE)<\/strong>\u00a0confirm\u00f3 la adhesi\u00f3n al paro general con movilizaci\u00f3n convocado por la CGT para este mi\u00e9rcoles en rechazo al DNU 70\/2023 y la ley \u00f3mnibus que impuls\u00f3 el gobierno de<strong>\u00a0Javier Milei.<\/strong><\/p>\n<p><!--more--><\/p>\n<p>El gremio de los peones rurales que conduce Jos\u00e9 Voytenco marchar\u00e1 al Congreso Nacional junto a los sindicatos confederados, en defensa de \u201cnuestros derechos\u201d en consonancia con lo resuelto con el plan de lucha de la cetral sindical y\u00a0<strong>en rechazo de la reforma laboral<\/strong>\u00a0que puso en marcha el gobierno ampar\u00e1ndose en un DNU y en una Ley \u00d3mnibus \u201cque a todas luces son inconstitucionales\u201d.<\/p>\n<p>La movilizaci\u00f3n y el paro dispuestos<strong>\u00a0tendr\u00e1n efectivo cumplimiento en el interior del pa\u00eds<\/strong>\u00a0en los lugares fijados por los trabajadores y trabajadoras de todos los gremios participantes, inform\u00f3 la UATRE en un comunicado.<\/p>\n<p>&nbsp;<\/p>\n<p>UATRE dir\u00e1 \u201cNo a la Reforma Laboral\u201d porque el DNU que intenta imponer el nuevo gobierno \u201cda\u00f1a de manera irreversible los derechos y los beneficios que estos traen para nuestros trabajadores rurales y sus familias\u201d, remarcaron desde el gremio.<\/p>\n<p>\u201c<strong>Le decimos no a la reforma laboral<\/strong>\u00a0porque sin el DNU el trabajo no registrado o registrado defectuosamente, la ley argentina prev\u00e9 sanciones econ\u00f3micas al empleador en beneficio del trabajador y con el DNU se eliminan esas sanciones, lo que implica un aumento del trabajo no registrado (trabajo en negro) y un menor resarcimiento econ\u00f3mico al reclamar por tus derechos\u201d, afirmaron.<\/p>\n<p>Tambi\u00e9n resaltaron que \u201csin el DNU la vigencia de los Convenios Colectivos de Trabajo (CCT) contin\u00faa m\u00e1s all\u00e1 del plazo que se fijan hasta que se acuerde un nuevo convenio superador. En cambio, con el DNU la vigencia de los CCT termina al vencer el plazo de aplicaci\u00f3n y se retrotraen los derechos a la Ley de Contrato de Trabajo (LCT)\u201d.<\/p>\n<p>En ese sentido, sostuvieron que \u201cesto es un retroceso brutal para nuestras conquistas porque\u00a0<strong>deval\u00faan y entorpecen los CCT como herramienta fundamental<\/strong>\u00a0para llegar a los acuerdos entre trabajadores y empleadores\u201d.<\/p>\n<p>Por \u00faltimo, desde la UATRE expresaron que \u201csin el DNU la ley laboral argentina protege al trabajador, y siempre en caso de duda, aplicar\u00e1 el principio que prioriza sus derechos ya que establece indemnizaciones por antig\u00fcedad, con base m\u00ednima para su c\u00e1lculo de un mes de remuneraci\u00f3n por a\u00f1o trabajado, incluy\u00e9ndose en su liquidaci\u00f3n el aguinaldo, entre otros conceptos\u00bb.<\/p>\n<p>\u00abDe forma contraria,\u00a0<strong>con el DNU el trabajador siempre estar\u00e1 en inferioridad de condiciones al momento de reclamar<\/strong>\u00a0y la base m\u00ednima para calcular la indemnizaci\u00f3n se reduce un 67% de la remuneraci\u00f3n y se elimina el aguinaldo. Los trabajadores van a cobrar much\u00edsimo menos indemnizaci\u00f3n si los despiden sin causa\u201d y concluyeron \u201csomos conscientes, tenemos claridad y decimos no la reforma laboral\u201d, cerr\u00f3 el gremio.<\/p>\n","protected":false},"excerpt":{"rendered":"<p>La\u00a0Uni\u00f3n Argentina de Trabajadores Rurales y Estibadores (UATRE)\u00a0confirm\u00f3 la adhesi\u00f3n al paro general con movilizaci\u00f3n<\/p>\n","protected":false},"author":1,"featured_media":23787,"comment_status":"open","ping_status":"open","sticky":false,"template":"","format":"standard","meta":{"footnotes":""},"categories":[20],"tags":[],"class_list":["post-23786","post","type-post","status-publish","format-standard","has-post-thumbnail","hentry","category-actualidad"],"_links":{"self":[{"href":"https:\/\/informeagropecuario.com.ar\/index.php?rest_route=\/wp\/v2\/posts\/23786","targetHints":{"allow":["GET"]}}],"collection":[{"href":"https:\/\/informeagropecuario.com.ar\/index.php?rest_route=\/wp\/v2\/posts"}],"about":[{"href":"https:\/\/informeagropecuario.com.ar\/index.php?rest_route=\/wp\/v2\/types\/post"}],"author":[{"embeddable":true,"href":"https:\/\/informeagropecuario.com.ar\/index.php?rest_route=\/wp\/v2\/users\/1"}],"replies":[{"embeddable":true,"href":"https:\/\/informeagropecuario.com.ar\/index.php?rest_route=%2Fwp%2Fv2%2Fcomments&post=23786"}],"version-history":[{"count":1,"href":"https:\/\/informeagropecuario.com.ar\/index.php?rest_route=\/wp\/v2\/posts\/23786\/revisions"}],"predecessor-version":[{"id":23788,"href":"https:\/\/informeagropecuario.com.ar\/index.php?rest_route=\/wp\/v2\/posts\/23786\/revisions\/23788"}],"wp:featuredmedia":[{"embeddable":true,"href":"https:\/\/informeagropecuario.com.ar\/index.php?rest_route=\/wp\/v2\/media\/23787"}],"wp:attachment":[{"href":"https:\/\/informeagropecuario.com.ar\/index.php?rest_route=%2Fwp%2Fv2%2Fmedia&parent=23786"}],"wp:term":[{"taxonomy":"category","embeddable":true,"href":"https:\/\/informeagropecuario.com.ar\/index.php?rest_route=%2Fwp%2Fv2%2Fcategories&post=23786"},{"taxonomy":"post_tag","embeddable":true,"href":"https:\/\/informeagropecuario.com.ar\/index.php?rest_route=%2Fwp%2Fv2%2Ftags&post=23786"}],"curies":[{"name":"wp","href":"https:\/\/api.w.org\/{rel}","templated":true}]}}