{"id":23789,"date":"2024-01-23T17:10:53","date_gmt":"2024-01-23T20:10:53","guid":{"rendered":"http:\/\/informeagropecuario.com.ar\/?p=23789"},"modified":"2024-01-23T17:10:53","modified_gmt":"2024-01-23T20:10:53","slug":"paro-del-24-de-enero-came-se-pronuncio-en-contra-y-advirtio-que-conllevara-una-perdida-economica-mayuscula-para-el-pais","status":"publish","type":"post","link":"https:\/\/informeagropecuario.com.ar\/?p=23789","title":{"rendered":"Paro del 24 de enero: CAME se pronunci\u00f3 en contra y advirti\u00f3 que \u201cconllevar\u00e1 una p\u00e9rdida econ\u00f3mica may\u00fascula para el pa\u00eds\u201d"},"content":{"rendered":"<p>Para la Confederaci\u00f3n Argentina de la Mediana Empresa (CAME), el paro del mi\u00e9rcoles no es \u00abel instrumento que vaya a revertir esta situaci\u00f3n\u00bb<!--more--><\/p>\n<p><strong>A horas que comience el\u00a0paro general del 24 de enero<\/strong>, la Confederaci\u00f3n Argentina de la Mediana Empresa (CAME) emiti\u00f3 un comunicado en la que\u00a0<strong>se posicion\u00f3 en contra del paro general impulsado por la CGT.<\/strong><\/p>\n<p><!--more--><\/p>\n<div class=\"col-lg-8 d-flex flex-wrap px-0 flex-column\">\n<section id=\"news-body\" class=\"container\">\n<div id=\"body-1\" class=\"body-1 mt-20\">\n<p>La CAME indic\u00f3 que el paro convocado para este mi\u00e9rcoles 24 de enero por la CGT no es\u00a0<strong>\u201cel instrumento que vaya a revertir esta situaci\u00f3n\u201d que atraviesa el pa\u00eds y advirti\u00f3 que la medida de fuerza \u201cconllevar\u00e1 una p\u00e9rdida econ\u00f3mica may\u00fascula para el pa\u00eds\u00bb<\/strong>\u00a0ya que\u00a0<strong>\u00abimplicar\u00e1 un d\u00eda sin producci\u00f3n y sin actividad comercial\u201d<\/strong>.<\/p>\n<p>\u201cSomos respetuosos de las decisiones del sindicalismo y del derecho a huelga.\u00a0<strong>Entendemos y compartimos la incertidumbre imperante y la angustia que afecta a buena parte de nuestra poblaci\u00f3n, pero no creemos que un paro sea el instrumento que vaya a revertir esta situaci\u00f3n\u201d<\/strong>, resalt\u00f3 el titular de CAME, Alfredo Gonz\u00e1lez.<\/p>\n<\/div>\n<\/section>\n<\/div>\n<div class=\"col-lg-8 d-flex flex-wrap px-0 flex-column\">\n<section id=\"news-body\" class=\"container\">\n<div id=\"body-2\">\n<div id=\"body-2\" class=\"body-2 mt-20\">\n<p>Bajo ese panorama, Gonz\u00e1lez expres\u00f3\u00a0<strong>una jornada de huelga ser\u00e1 una jornada de inactividad, que implica la suspensi\u00f3n de la producci\u00f3n y la actividad comercial, acarrear\u00e1 una p\u00e9rdida econ\u00f3mica significativa para el pa\u00eds.<\/strong><\/p>\n<p><strong>\u201cLa producci\u00f3n de las pymes tambi\u00e9n cay\u00f3 26,9% en la variaci\u00f3n interanual de diciembre, seg\u00fan datos de la entidad que agrupa a m\u00e1s de 400.000 pymes del comercio y los servicios, el turismo, las econom\u00edas regionales, la industria y la construcci\u00f3n de todo el pa\u00eds\u201d,<\/strong>\u00a0explic\u00f3 en el comunicado.<\/p>\n<p>Por otro lado, la C\u00e1mara de Comercio, Industria y Agropecuaria (CCIA) de San Rafael, Mendoza, emiti\u00f3 un comunicado cr\u00edtico respecto al paro, argumentando que\u00a0<strong>esta medida de fuerza busca preservar los privilegios corporativos de los l\u00edderes sindicales y se aleja de las necesidades del trabajador<\/strong>\u00a0com\u00fan, quien es fundamental para sostener la actividad econ\u00f3mica. En este contexto, la CCIA expres\u00f3 su desacuerdo con la acci\u00f3n sindical, consider\u00e1ndola perjudicial para el desarrollo econ\u00f3mico y la estabilidad laboral.<\/p>\n<\/div>\n<\/div>\n<\/section>\n<\/div>\n<div class=\"col-lg-4 pr-lg-0\">\n<div class=\"news-list related-news false\">\n<div class=\"panel-class\">\n<div>\n<div class=\"view-more\"><a href=\"https:\/\/news.agrofy.com.ar\/tags\/actualidad\"><button class=\"view-more-button\">Ver m\u00e1s\u00a0&gt;<\/button><\/a><\/div>\n<\/div>\n<\/div>\n<\/div>\n<div id=\"whatsapp\" class=\"col p-0\">\n<div class=\"Whatsapp__Wrapper-sc-1p59dov-0 cfEJzQ\">\n<div class=\"Whatsapp__SubContent-sc-1p59dov-1 hkhxZl\">\n<div class=\"Row__StyledRow-sc-1e9gz04-0 juecyd row withCssProps__StyledComponent-rco7dm-0 cORABs\">\n<div class=\"Column__Col-sc-3c3g2c-0 ecNrHA column withCssProps__StyledComponent-rco7dm-0 cORABs\"><\/div>\n<\/div>\n<\/div>\n<\/div>\n<\/div>\n<div id=\"newsletterInf\" class=\"col mb-35 mt-35 p-0\">\n<div class=\"Box__BoxStyled-sc-1i3qzsm-0 kzJDgo withCssProps__StyledComponent-rco7dm-0 iOrfmX NewsletterNew__MainContainer-sc-14jws1i-0 gpYdFP newsletter-new-container\">\n<div class=\"Box__BoxStyled-sc-1i3qzsm-0 kzJDgo withCssProps__StyledComponent-rco7dm-0 kqxVLw NewsletterNew__Wrapper-sc-14jws1i-1 eiWpMh\">\n<div class=\"Box__BoxStyled-sc-1i3qzsm-0 kzJDgo withCssProps__StyledComponent-rco7dm-0 goXnaf NewsletterNew__ColumContainer-sc-14jws1i-2 cXUilM\">\n<div class=\"Box__BoxStyled-sc-1i3qzsm-0 kzJDgo withCssProps__StyledComponent-rco7dm-0 kqxVLw NewsletterNew__TextContainer-sc-14jws1i-3 hJIURF\"><\/div>\n<\/div>\n<\/div>\n<\/div>\n<\/div>\n<\/div>\n","protected":false},"excerpt":{"rendered":"<p>Para la Confederaci\u00f3n Argentina de la Mediana Empresa (CAME), el paro del mi\u00e9rcoles no es<\/p>\n","protected":false},"author":1,"featured_media":23790,"comment_status":"open","ping_status":"open","sticky":false,"template":"","format":"standard","meta":{"footnotes":""},"categories":[20],"tags":[],"class_list":["post-23789","post","type-post","status-publish","format-standard","has-post-thumbnail","hentry","category-actualidad"],"_links":{"self":[{"href":"https:\/\/informeagropecuario.com.ar\/index.php?rest_route=\/wp\/v2\/posts\/23789","targetHints":{"allow":["GET"]}}],"collection":[{"href":"https:\/\/informeagropecuario.com.ar\/index.php?rest_route=\/wp\/v2\/posts"}],"about":[{"href":"https:\/\/informeagropecuario.com.ar\/index.php?rest_route=\/wp\/v2\/types\/post"}],"author":[{"embeddable":true,"href":"https:\/\/informeagropecuario.com.ar\/index.php?rest_route=\/wp\/v2\/users\/1"}],"replies":[{"embeddable":true,"href":"https:\/\/informeagropecuario.com.ar\/index.php?rest_route=%2Fwp%2Fv2%2Fcomments&post=23789"}],"version-history":[{"count":1,"href":"https:\/\/informeagropecuario.com.ar\/index.php?rest_route=\/wp\/v2\/posts\/23789\/revisions"}],"predecessor-version":[{"id":23791,"href":"https:\/\/informeagropecuario.com.ar\/index.php?rest_route=\/wp\/v2\/posts\/23789\/revisions\/23791"}],"wp:featuredmedia":[{"embeddable":true,"href":"https:\/\/informeagropecuario.com.ar\/index.php?rest_route=\/wp\/v2\/media\/23790"}],"wp:attachment":[{"href":"https:\/\/informeagropecuario.com.ar\/index.php?rest_route=%2Fwp%2Fv2%2Fmedia&parent=23789"}],"wp:term":[{"taxonomy":"category","embeddable":true,"href":"https:\/\/informeagropecuario.com.ar\/index.php?rest_route=%2Fwp%2Fv2%2Fcategories&post=23789"},{"taxonomy":"post_tag","embeddable":true,"href":"https:\/\/informeagropecuario.com.ar\/index.php?rest_route=%2Fwp%2Fv2%2Ftags&post=23789"}],"curies":[{"name":"wp","href":"https:\/\/api.w.org\/{rel}","templated":true}]}}