{"id":23837,"date":"2024-02-08T17:39:38","date_gmt":"2024-02-08T20:39:38","guid":{"rendered":"http:\/\/informeagropecuario.com.ar\/?p=23837"},"modified":"2024-02-08T17:39:38","modified_gmt":"2024-02-08T20:39:38","slug":"la-federacion-de-acopiadores-celebro-la-publicacion-del-nuevo-dolar-exportador","status":"publish","type":"post","link":"https:\/\/informeagropecuario.com.ar\/?p=23837","title":{"rendered":"La Federaci\u00f3n de Acopiadores celebr\u00f3 la publicaci\u00f3n del nuevo \u201cd\u00f3lar exportador\u201d"},"content":{"rendered":"<p>Desde la entidad presidida por Fernando Rivara consideraron que esta decisi\u00f3n permitir\u00e1 resolver \u00ablas controversias generadas en los negocios con contratos forward\u201d.<!--more--><\/p>\n<p>Tras el anuncio de la<strong>\u00a0Bolsa de Cereales de Buenos Aires (BCBA)<\/strong>\u00a0y\u00a0<strong>Matba-Rofex<\/strong>\u00a0s<strong>obre la publicaci\u00f3n de valor de referencia conocido como \u201cD\u00f3lar Exportador\u201d,<\/strong>\u00a0las entidades vinculadas a la comercializaci\u00f3n granaria comenzaron a manifestar su apoyo a esta decisi\u00f3n.<\/p>\n<p>En este caso, la\u00a0<strong>Federaci\u00f3n de Acopiadores<\/strong>\u00a0se\u00f1al\u00f3 a trav\u00e9s de un comunicado que \u201capoya y felicita la decisi\u00f3n\u201d de la bolsa porte\u00f1a.<\/p>\n<div class=\"inreadBox\">\n<div class=\"banner\">\n<div class=\"inread\"><\/div>\n<\/div>\n<\/div>\n<p>Con respecto a la<strong>\u00a0falta de un valor de referencia<\/strong>, sostuvieron que para ellos ha sido un motivo de preocupaci\u00f3n y han \u201cvenido trabajando junto a distintas entidades en la b\u00fasqueda de un tipo de cambio que permita resolver las controversias generadas en los negocios con contratos forward\u201d.<\/p>\n<p>Seg\u00fan inform\u00f3 la\u00a0<strong>bolsa porte\u00f1a<\/strong>, esta referencia podr\u00e1 ser utilizada para la concertaci\u00f3n de nuevos contratos forwards de granos y\/o oleaginosas. \u201cEsto se da en el marco de una nueva edici\u00f3n del Programa de Incremento Exportador que rige desde diciembre y se encuentra vigente hasta la fecha\u201d, remarcaron.<\/p>\n<h2><strong>LOS ALCANCES DE LA NUEVA REFERENCIA<\/strong><\/h2>\n<p>El programa contempla a todos los productos con\u00a0<strong>Nomenclatura Com\u00fan del Mercosur<\/strong>\u00a0(NCM) y define una modificaci\u00f3n, a partir de un esquema de liquidaci\u00f3n especial entre el valor de los d\u00f3lares oficiales y Contado con Liqui\u201d (CCL).<\/p>\n<p>\u201cLa referencia surge del promedio ponderado del\u00a0<strong>D\u00f3lar BNA Comprador<\/strong>\u00a0y el<strong>\u00a0\u00cdndice CCL Matba Rofex<\/strong>\u00a0para el d\u00eda del c\u00e1lculo\u201d, detallaron los acopiadores. De esta manera,\u00a0 el valor resultante de esta operaci\u00f3n -llamado \u201cD\u00f3lar Exportador\u201d- estar\u00e1 disponible diariamente a las 18 horas en el sitio web de la Bolsa de Cereales.<\/p>\n<p>Adem\u00e1s, se podr\u00e1 acceder a\u00a0la serie hist\u00f3rica de dicho valor desde el comienzo de la nueva edici\u00f3n del<strong>\u00a0Programa de Incremento Exportador<\/strong>.<\/p>\n","protected":false},"excerpt":{"rendered":"<p>Desde la entidad presidida por Fernando Rivara consideraron que esta decisi\u00f3n permitir\u00e1 resolver \u00ablas controversias<\/p>\n","protected":false},"author":1,"featured_media":23838,"comment_status":"open","ping_status":"open","sticky":false,"template":"","format":"standard","meta":{"footnotes":""},"categories":[20],"tags":[],"class_list":["post-23837","post","type-post","status-publish","format-standard","has-post-thumbnail","hentry","category-actualidad"],"_links":{"self":[{"href":"https:\/\/informeagropecuario.com.ar\/index.php?rest_route=\/wp\/v2\/posts\/23837","targetHints":{"allow":["GET"]}}],"collection":[{"href":"https:\/\/informeagropecuario.com.ar\/index.php?rest_route=\/wp\/v2\/posts"}],"about":[{"href":"https:\/\/informeagropecuario.com.ar\/index.php?rest_route=\/wp\/v2\/types\/post"}],"author":[{"embeddable":true,"href":"https:\/\/informeagropecuario.com.ar\/index.php?rest_route=\/wp\/v2\/users\/1"}],"replies":[{"embeddable":true,"href":"https:\/\/informeagropecuario.com.ar\/index.php?rest_route=%2Fwp%2Fv2%2Fcomments&post=23837"}],"version-history":[{"count":1,"href":"https:\/\/informeagropecuario.com.ar\/index.php?rest_route=\/wp\/v2\/posts\/23837\/revisions"}],"predecessor-version":[{"id":23839,"href":"https:\/\/informeagropecuario.com.ar\/index.php?rest_route=\/wp\/v2\/posts\/23837\/revisions\/23839"}],"wp:featuredmedia":[{"embeddable":true,"href":"https:\/\/informeagropecuario.com.ar\/index.php?rest_route=\/wp\/v2\/media\/23838"}],"wp:attachment":[{"href":"https:\/\/informeagropecuario.com.ar\/index.php?rest_route=%2Fwp%2Fv2%2Fmedia&parent=23837"}],"wp:term":[{"taxonomy":"category","embeddable":true,"href":"https:\/\/informeagropecuario.com.ar\/index.php?rest_route=%2Fwp%2Fv2%2Fcategories&post=23837"},{"taxonomy":"post_tag","embeddable":true,"href":"https:\/\/informeagropecuario.com.ar\/index.php?rest_route=%2Fwp%2Fv2%2Ftags&post=23837"}],"curies":[{"name":"wp","href":"https:\/\/api.w.org\/{rel}","templated":true}]}}