{"id":23848,"date":"2024-02-11T10:35:45","date_gmt":"2024-02-11T13:35:45","guid":{"rendered":"http:\/\/informeagropecuario.com.ar\/?p=23848"},"modified":"2024-02-11T10:35:45","modified_gmt":"2024-02-11T13:35:45","slug":"francos-hablo-sobre-el-futuro-de-las-retenciones-e-hizo-un-llamado-especial","status":"publish","type":"post","link":"https:\/\/informeagropecuario.com.ar\/?p=23848","title":{"rendered":"Francos habl\u00f3 sobre el futuro de las retenciones e hizo un llamado especial"},"content":{"rendered":"<p>El ministro del Interior se refiri\u00f3 al paquete fiscal, el d\u00e9ficit cero y la necesidad de que el Congreso trate los temas que se enviar\u00e1n en sesiones ordinarias<!--more--><\/p>\n<div id=\"body-1\" class=\"body-1 mt-20\">\n<p><strong>Se cay\u00f3 la ley \u00f3mnibus y el Gobierno recapitula su accionar.<\/strong>\u00a0Antes, se cay\u00f3 el cap\u00edtulo fiscal que inclu\u00eda las retenciones. La pregunta que surge es si con el proyecto en foja cero, el presidente Javier Milei ir\u00e1 nuevamente por el proyecto completo, con retenciones inclusive.<\/p>\n<p>El ministro del Interior, Guillermo Francos, sostuvo que por ahora no est\u00e1 en discusi\u00f3n, ni tratamiento el cap\u00edtulo fiscal. Ante la inquietud si el Gobierno puede llegar a las metas trazadas, el titular de la cartera asegur\u00f3 en Urbana Play: \u201cPodemos alcanzarlas sin subir retenciones ni ganancias.\u00a0<strong>En este momento, el Gobierno est\u00e1 en equilibrio fiscal\u201d.<\/strong><\/p>\n<p>El aumento de las retenciones fue un reclamo de todo el sector agroindustrial.\u00a0Las provincias como C\u00f3rdoba y Santa Fe tambi\u00e9n mostraron una postura tajante sobre el tema.<\/p>\n<\/div>\n<div id=\"body-2\">\n<div id=\"body-2\" class=\"body-2 mt-20\">\n<p>La Mesa de Enlace se reuni\u00f3 en diferentes oportunidades y negoci\u00f3 mantener la quita de derechos de exportaci\u00f3n a gran parte de las econom\u00edas regionales.\u00a0<strong>No lo hab\u00eda logrado para los subproductos de soja, trigo, ma\u00edz y carne.<\/strong><\/p>\n<p>Ante la pregunta de si el Gobierno puede prescindir de esas medidas (entre ellas retenciones), Francos insisti\u00f3: \u201cSe puede prescindir del paquete, por supuesto\u201d. El Ejecutivo tiene en claro que la materia impositiva tiene que pasar por el Congreso.<\/p>\n<p>Por eso sigue latente la posibilidad de nuevos proyectos<strong>. \u201cEl gobierno enviar\u00e1 y seguramente anunciar\u00e1 oportunamente las leyes que correspondan dentro del periodo ordinario de sesiones.<\/strong>\u00a0Muchos de estos temas que se han quedado pendientes por el tratamiento de la ley, seguramente, a lo mejor en distinto formato, de distintas formas, ser\u00e1n tratados por el parlamento\u201d.<\/p>\n<\/div>\n<\/div>\n<div id=\"body-3\">\n<div id=\"body-3\" class=\"body-3 mt-20\">\n<p>Al mismo tiempo, volvi\u00f3 a plantear que el tema fiscal es del Congreso.\u00a0Por lo tanto, cualquier intento de tocar temas tributarios recaer\u00e1 en el cuerpo legislativo.<\/p>\n<p>\u201c\u00c9l result\u00f3 elegido para gobernar y est\u00e1 haciendo eso. Est\u00e1 haciendo lo que \u00e9l prometi\u00f3\u201d, solt\u00f3 Francos. Sin embargo, se olvid\u00f3 de que en campa\u00f1a prometi\u00f3 una baja de retenciones. Y si se analiza su primer discurso en la Sociedad Rural, habl\u00f3 de retenciones cero. Mientras tanto, el sector productivo depende del Congreso para que las retenciones no se toquen.<\/p>\n<\/div>\n<\/div>\n","protected":false},"excerpt":{"rendered":"<p>El ministro del Interior se refiri\u00f3 al paquete fiscal, el d\u00e9ficit cero y la necesidad<\/p>\n","protected":false},"author":1,"featured_media":23849,"comment_status":"open","ping_status":"open","sticky":false,"template":"","format":"standard","meta":{"footnotes":""},"categories":[20],"tags":[],"class_list":["post-23848","post","type-post","status-publish","format-standard","has-post-thumbnail","hentry","category-actualidad"],"_links":{"self":[{"href":"https:\/\/informeagropecuario.com.ar\/index.php?rest_route=\/wp\/v2\/posts\/23848","targetHints":{"allow":["GET"]}}],"collection":[{"href":"https:\/\/informeagropecuario.com.ar\/index.php?rest_route=\/wp\/v2\/posts"}],"about":[{"href":"https:\/\/informeagropecuario.com.ar\/index.php?rest_route=\/wp\/v2\/types\/post"}],"author":[{"embeddable":true,"href":"https:\/\/informeagropecuario.com.ar\/index.php?rest_route=\/wp\/v2\/users\/1"}],"replies":[{"embeddable":true,"href":"https:\/\/informeagropecuario.com.ar\/index.php?rest_route=%2Fwp%2Fv2%2Fcomments&post=23848"}],"version-history":[{"count":1,"href":"https:\/\/informeagropecuario.com.ar\/index.php?rest_route=\/wp\/v2\/posts\/23848\/revisions"}],"predecessor-version":[{"id":23850,"href":"https:\/\/informeagropecuario.com.ar\/index.php?rest_route=\/wp\/v2\/posts\/23848\/revisions\/23850"}],"wp:featuredmedia":[{"embeddable":true,"href":"https:\/\/informeagropecuario.com.ar\/index.php?rest_route=\/wp\/v2\/media\/23849"}],"wp:attachment":[{"href":"https:\/\/informeagropecuario.com.ar\/index.php?rest_route=%2Fwp%2Fv2%2Fmedia&parent=23848"}],"wp:term":[{"taxonomy":"category","embeddable":true,"href":"https:\/\/informeagropecuario.com.ar\/index.php?rest_route=%2Fwp%2Fv2%2Fcategories&post=23848"},{"taxonomy":"post_tag","embeddable":true,"href":"https:\/\/informeagropecuario.com.ar\/index.php?rest_route=%2Fwp%2Fv2%2Ftags&post=23848"}],"curies":[{"name":"wp","href":"https:\/\/api.w.org\/{rel}","templated":true}]}}