{"id":23851,"date":"2024-02-11T10:38:39","date_gmt":"2024-02-11T13:38:39","guid":{"rendered":"http:\/\/informeagropecuario.com.ar\/?p=23851"},"modified":"2024-02-11T10:48:47","modified_gmt":"2024-02-11T13:48:47","slug":"buenas-lluvias-en-la-zona-nucleo-acumulados-de-hasta-80-mm","status":"publish","type":"post","link":"https:\/\/informeagropecuario.com.ar\/?p=23851","title":{"rendered":"Buenas lluvias en la zona n\u00facleo: acumulados de hasta 80 mm"},"content":{"rendered":"<p>La BCR inform\u00f3 que en las \u00faltimas 24 horas hubo precipitaciones significativas pero con una distribuci\u00f3n desigual: faltaron en el oeste<!--more--><\/p>\n<p>La\u00a0Bolsa de Comercio de Rosario\u00a0inform\u00f3 que desde el jueves a la noche hubo lluvias importantes en la mayor parrte de la regi\u00f3n agr\u00edcola n\u00facleo de Argentina con acumulados de hasta 80 mil\u00edmetros en algunas \u00e1reas, aunque con una distribuci\u00f3n desigual que deja a sectores del oeste a\u00fan esperando por m\u00e1s lluvias.<\/p>\n<p><strong>El cambio en el patr\u00f3n clim\u00e1tico lleg\u00f3 en un momento cr\u00edtico<\/strong>. La misma BCR public\u00f3 el jueves un panorama complejo con aproximadamente el 10% del \u00e1rea sembrada con\u00a0<strong>soja de segunda<\/strong>\u00a0estaba en riesgo de perderse debido a la sostenida ola de calor, con un deterioro notable en el potencial de la soja de primera.<\/p>\n<p>La situaci\u00f3n era igualmente grave para el\u00a0<strong>ma\u00edz,<\/strong>\u00a0con un alto porcentaje del cultivo en floraci\u00f3n y enfrentando incertidumbres sobre su desarrollo final.<\/p>\n<p><strong>El regreso de las lluvias, aunque desigual, podr\u00eda marcar un punto de inflexi\u00f3n.<\/strong>\u00a0Los pron\u00f3sticos indican que\u00a0<strong>la inestabilidad clim\u00e1tica continuar\u00e1, con lluvias intermitentes en el corto plazo y pron\u00f3sticos de precipitaciones m\u00e1s generalizadas para este s\u00e1bado y nuevamente el lunes.<\/strong><\/p>\n<h4>Este patr\u00f3n de lluvias podr\u00eda ser clave para la recuperaci\u00f3n de los cultivos, especialmente si se mantienen durante la segunda semana de febrero, como sugieren los expertos.<\/h4>\n<p>Sin embargo, las lluvias llegan tras\u00a0<strong>un per\u00edodo de estr\u00e9s h\u00eddrico que ha dejado huella.<\/strong>\u00a0La ola de calor de las \u00faltimas dos semanas aceler\u00f3 el deterioro de la condici\u00f3n de los cultivos, con amarillamientos y muerte de plantas en \u00e1reas significativas. La regi\u00f3n pas\u00f3 de tener reservas de agua abundantes a enfrentar una sequ\u00eda en casi la mitad de su territorio, evidenciando la vulnerabilidad de la soja de segunda y los desaf\u00edos para la soja de primera en momentos clave para la definici\u00f3n de rindes.<\/p>\n<p>El panorama es mixto. Mientras algunas zonas reportan importantes acumulados de lluvia, en Rosario y sectores del oeste la situaci\u00f3n sigue siendo cr\u00edtica. El desaf\u00edo ahora es maximizar la eficacia de las lluvias recientes y las pronosticadas, para mitigar las p\u00e9rdidas y recuperar lo que se pueda de los cultivos afectados por la sequ\u00eda y el calor.<\/p>\n","protected":false},"excerpt":{"rendered":"<p>La BCR inform\u00f3 que en las \u00faltimas 24 horas hubo precipitaciones significativas pero con una<\/p>\n","protected":false},"author":1,"featured_media":23852,"comment_status":"open","ping_status":"open","sticky":false,"template":"","format":"standard","meta":{"footnotes":""},"categories":[20],"tags":[],"class_list":["post-23851","post","type-post","status-publish","format-standard","has-post-thumbnail","hentry","category-actualidad"],"_links":{"self":[{"href":"https:\/\/informeagropecuario.com.ar\/index.php?rest_route=\/wp\/v2\/posts\/23851","targetHints":{"allow":["GET"]}}],"collection":[{"href":"https:\/\/informeagropecuario.com.ar\/index.php?rest_route=\/wp\/v2\/posts"}],"about":[{"href":"https:\/\/informeagropecuario.com.ar\/index.php?rest_route=\/wp\/v2\/types\/post"}],"author":[{"embeddable":true,"href":"https:\/\/informeagropecuario.com.ar\/index.php?rest_route=\/wp\/v2\/users\/1"}],"replies":[{"embeddable":true,"href":"https:\/\/informeagropecuario.com.ar\/index.php?rest_route=%2Fwp%2Fv2%2Fcomments&post=23851"}],"version-history":[{"count":1,"href":"https:\/\/informeagropecuario.com.ar\/index.php?rest_route=\/wp\/v2\/posts\/23851\/revisions"}],"predecessor-version":[{"id":23853,"href":"https:\/\/informeagropecuario.com.ar\/index.php?rest_route=\/wp\/v2\/posts\/23851\/revisions\/23853"}],"wp:featuredmedia":[{"embeddable":true,"href":"https:\/\/informeagropecuario.com.ar\/index.php?rest_route=\/wp\/v2\/media\/23852"}],"wp:attachment":[{"href":"https:\/\/informeagropecuario.com.ar\/index.php?rest_route=%2Fwp%2Fv2%2Fmedia&parent=23851"}],"wp:term":[{"taxonomy":"category","embeddable":true,"href":"https:\/\/informeagropecuario.com.ar\/index.php?rest_route=%2Fwp%2Fv2%2Fcategories&post=23851"},{"taxonomy":"post_tag","embeddable":true,"href":"https:\/\/informeagropecuario.com.ar\/index.php?rest_route=%2Fwp%2Fv2%2Ftags&post=23851"}],"curies":[{"name":"wp","href":"https:\/\/api.w.org\/{rel}","templated":true}]}}