{"id":23855,"date":"2024-02-14T17:41:21","date_gmt":"2024-02-14T20:41:21","guid":{"rendered":"http:\/\/informeagropecuario.com.ar\/?p=23855"},"modified":"2024-02-14T17:41:21","modified_gmt":"2024-02-14T20:41:21","slug":"cristina-fernandez-ataca-a-milei-y-el-modelo-agroexportador-privilegios-para-pocos-a-costo-del-campo-argentino","status":"publish","type":"post","link":"https:\/\/informeagropecuario.com.ar\/?p=23855","title":{"rendered":"Cristina Fern\u00e1ndez Ataca a Milei y el Modelo Agroexportador: \u00bfPrivilegios para Pocos a Costo del Campo Argentino?"},"content":{"rendered":"<p class=\"description mainfont\">Cristina Fern\u00e1ndez de Kirchner arremete contra el modelo agroexportador de Milei y las pol\u00edticas econ\u00f3micas pasadas, destacando su efecto perjudicial en el campo y la econom\u00eda de Argentina, y llama a una reforma tributaria justa.<!--more--><\/p>\n<p>Abord\u00f3 la situaci\u00f3n del\u00a0<b>campo en Argentina<\/b>, criticando duramente el\u00a0<b>modelo agroexportador<\/b>\u00a0y la tendencia de\u00a0<b>concentraci\u00f3n de tierras<\/b>, y apuntando directamente contra el<b>\u00a0<\/b><u><b>presidente Javier <\/b><b>Milei<\/b>, Mauricio Macri, Luis Caputo y Federico Sturzenegger.<\/u><\/p>\n<p><b>Fern\u00e1ndez<\/b><b> de <\/b><b>Kirchner<\/b><a href=\"https:\/\/es.wikipedia.org\/wiki\/Cristina_Fern%C3%A1ndez_de_Kirchner\" target=\"_blank\" rel=\"noopener\"><b>,<\/b><\/a>\u00a0quien ha mantenido tensiones permanentes con el sector agropecuario, se expres\u00f3 sobre las retenciones y enfatiz\u00f3 que el modelo agroexportador promovido por Milei\u00a0<strong>\u00absolo permite vivir bien a reducidas minor\u00edas\u00bb<\/strong>. A trav\u00e9s de su cuenta de X y videos en TikTok, la l\u00edder kirchnerista comparti\u00f3 su visi\u00f3n sobre la econom\u00eda y repas\u00f3 la historia argentina de los\u00a0<b>\u00faltimos 150 a\u00f1os<\/b>, enfoc\u00e1ndose en las pol\u00edticas neoliberales y sus efectos en el\u00a0<b>sector agropecuario<\/b>.<\/p>\n<p>La expresidenta sostuvo que el modelo de sustituci\u00f3n de importaciones, interrumpido por el golpe c\u00edvico militar de 1976 y retomado en 2002, fue el \u00fanico que\u00a0<strong>\u00abgener\u00f3 industrializaci\u00f3n y permiti\u00f3 conformar un poderoso mercado interno\u00bb<\/strong>, contrastando con el modelo agroexportador que, seg\u00fan ella, ha fallado repetidamente en el pa\u00eds.<\/p>\n<p><strong>Cr\u00edticas a la Administraci\u00f3n Actual y Anteriores<\/strong>\u00a0Cristina Fern\u00e1ndez carg\u00f3 contra la actual administraci\u00f3n de Milei y la anterior de Macri, acus\u00e1ndolas de promover pol\u00edticas que solo han llevado a m\u00e1s deuda y menos crecimiento. En particular, critic\u00f3 el reendeudamiento durante el gobierno de Macri y la inclusi\u00f3n de Caputo en el gabinete econ\u00f3mico de Milei, cuestionando la l\u00f3gica de repetir f\u00f3rmulas que considera fracasadas.<\/p>\n<p><strong>Foco en el Campo y las Retenciones<\/strong>\u00a0En su an\u00e1lisis, Fern\u00e1ndez de Kirchner destac\u00f3 la importancia de discutir incentivos para grandes inversiones que agreguen valor y transfieran tecnolog\u00eda, en lugar de caer en el extractivismo. Remarc\u00f3 el fracaso de pol\u00edticas pasadas y se pregunt\u00f3 qu\u00e9 suceder\u00e1 con la competitividad del campo argentino frente a pa\u00edses como Brasil, su principal competidor regional.<\/p>\n<p><strong>Sistema Tributario y Evasi\u00f3n Fiscal<\/strong>\u00a0La dirigente tambi\u00e9n abog\u00f3 por un sistema tributario simplificado y progresivo que ordene la vida de las pymes y revise los gastos tributarios. Asimismo, apunt\u00f3 contra la cerealera Vicentin por un caso de evasi\u00f3n y elusi\u00f3n fiscal, criticando la desproporci\u00f3n entre la multa impuesta y el monto evadido.<\/p>\n<p>Este extenso documento de Cristina Fern\u00e1ndez de Kirchner no solo reitera sus cr\u00edticas hacia pol\u00edticas neoliberales y sus proponentes sino que tambi\u00e9n pone de manifiesto su preocupaci\u00f3n por las consecuencias de dichas pol\u00edticas en el sector agropecuario y la econom\u00eda argentina en general.<\/p>\n","protected":false},"excerpt":{"rendered":"<p>Cristina Fern\u00e1ndez de Kirchner arremete contra el modelo agroexportador de Milei y las pol\u00edticas econ\u00f3micas<\/p>\n","protected":false},"author":1,"featured_media":23856,"comment_status":"open","ping_status":"open","sticky":false,"template":"","format":"standard","meta":{"footnotes":""},"categories":[20],"tags":[],"class_list":["post-23855","post","type-post","status-publish","format-standard","has-post-thumbnail","hentry","category-actualidad"],"_links":{"self":[{"href":"https:\/\/informeagropecuario.com.ar\/index.php?rest_route=\/wp\/v2\/posts\/23855","targetHints":{"allow":["GET"]}}],"collection":[{"href":"https:\/\/informeagropecuario.com.ar\/index.php?rest_route=\/wp\/v2\/posts"}],"about":[{"href":"https:\/\/informeagropecuario.com.ar\/index.php?rest_route=\/wp\/v2\/types\/post"}],"author":[{"embeddable":true,"href":"https:\/\/informeagropecuario.com.ar\/index.php?rest_route=\/wp\/v2\/users\/1"}],"replies":[{"embeddable":true,"href":"https:\/\/informeagropecuario.com.ar\/index.php?rest_route=%2Fwp%2Fv2%2Fcomments&post=23855"}],"version-history":[{"count":1,"href":"https:\/\/informeagropecuario.com.ar\/index.php?rest_route=\/wp\/v2\/posts\/23855\/revisions"}],"predecessor-version":[{"id":23857,"href":"https:\/\/informeagropecuario.com.ar\/index.php?rest_route=\/wp\/v2\/posts\/23855\/revisions\/23857"}],"wp:featuredmedia":[{"embeddable":true,"href":"https:\/\/informeagropecuario.com.ar\/index.php?rest_route=\/wp\/v2\/media\/23856"}],"wp:attachment":[{"href":"https:\/\/informeagropecuario.com.ar\/index.php?rest_route=%2Fwp%2Fv2%2Fmedia&parent=23855"}],"wp:term":[{"taxonomy":"category","embeddable":true,"href":"https:\/\/informeagropecuario.com.ar\/index.php?rest_route=%2Fwp%2Fv2%2Fcategories&post=23855"},{"taxonomy":"post_tag","embeddable":true,"href":"https:\/\/informeagropecuario.com.ar\/index.php?rest_route=%2Fwp%2Fv2%2Ftags&post=23855"}],"curies":[{"name":"wp","href":"https:\/\/api.w.org\/{rel}","templated":true}]}}