{"id":23859,"date":"2024-02-14T17:44:45","date_gmt":"2024-02-14T20:44:45","guid":{"rendered":"http:\/\/informeagropecuario.com.ar\/?p=23859"},"modified":"2024-02-14T17:44:45","modified_gmt":"2024-02-14T20:44:45","slug":"los-dirigentes-de-la-mesa-de-enlace-podrian-confluir-este-jueves-en-la-fiesta-nacional-del-trigo-de-leones","status":"publish","type":"post","link":"https:\/\/informeagropecuario.com.ar\/?p=23859","title":{"rendered":"Los dirigentes de la Mesa de Enlace podr\u00edan confluir este jueves en la Fiesta Nacional del Trigo de Leones"},"content":{"rendered":"<p>Ser\u00e1 para analizar all\u00ed la clara tendencia que se registra de aumentos desde algunos municipios de los impuestos que debe pagar el sector agropecuario.<!--more--><\/p>\n<p>Carlos Achetoni, presidente de Federaci\u00f3n Agraria, y Elbio Laucirica, presidente de Coninagro, ya confirmaron que participar\u00e1n de la Mesa Nacional del Trigo que se reunir\u00e1 en la localidad cordobesa.<\/p>\n<p>Achetoni mostr\u00f3 preocupaci\u00f3n por un asunto que quiere conversar con sus pares de las otras entidades. Frente al aumento de tasas, sostuvo que \u201calgunos municipios pretenden suplir lo que les enviaba Naci\u00f3n con nuevos impuestos, que siempre van a parar al productor\u201d.<\/p>\n<p>\u201cTratan de sacar lonja d\u00f3nde ya no queda cuero y esas actitudes debemos combatirlas\u201d, sentenci\u00f3 el l\u00edder chacarero.<\/p>\n","protected":false},"excerpt":{"rendered":"<p>Ser\u00e1 para analizar all\u00ed la clara tendencia que se registra de aumentos desde algunos municipios<\/p>\n","protected":false},"author":1,"featured_media":23860,"comment_status":"open","ping_status":"open","sticky":false,"template":"","format":"standard","meta":{"footnotes":""},"categories":[20],"tags":[],"class_list":["post-23859","post","type-post","status-publish","format-standard","has-post-thumbnail","hentry","category-actualidad"],"_links":{"self":[{"href":"https:\/\/informeagropecuario.com.ar\/index.php?rest_route=\/wp\/v2\/posts\/23859","targetHints":{"allow":["GET"]}}],"collection":[{"href":"https:\/\/informeagropecuario.com.ar\/index.php?rest_route=\/wp\/v2\/posts"}],"about":[{"href":"https:\/\/informeagropecuario.com.ar\/index.php?rest_route=\/wp\/v2\/types\/post"}],"author":[{"embeddable":true,"href":"https:\/\/informeagropecuario.com.ar\/index.php?rest_route=\/wp\/v2\/users\/1"}],"replies":[{"embeddable":true,"href":"https:\/\/informeagropecuario.com.ar\/index.php?rest_route=%2Fwp%2Fv2%2Fcomments&post=23859"}],"version-history":[{"count":1,"href":"https:\/\/informeagropecuario.com.ar\/index.php?rest_route=\/wp\/v2\/posts\/23859\/revisions"}],"predecessor-version":[{"id":23861,"href":"https:\/\/informeagropecuario.com.ar\/index.php?rest_route=\/wp\/v2\/posts\/23859\/revisions\/23861"}],"wp:featuredmedia":[{"embeddable":true,"href":"https:\/\/informeagropecuario.com.ar\/index.php?rest_route=\/wp\/v2\/media\/23860"}],"wp:attachment":[{"href":"https:\/\/informeagropecuario.com.ar\/index.php?rest_route=%2Fwp%2Fv2%2Fmedia&parent=23859"}],"wp:term":[{"taxonomy":"category","embeddable":true,"href":"https:\/\/informeagropecuario.com.ar\/index.php?rest_route=%2Fwp%2Fv2%2Fcategories&post=23859"},{"taxonomy":"post_tag","embeddable":true,"href":"https:\/\/informeagropecuario.com.ar\/index.php?rest_route=%2Fwp%2Fv2%2Ftags&post=23859"}],"curies":[{"name":"wp","href":"https:\/\/api.w.org\/{rel}","templated":true}]}}