{"id":23868,"date":"2024-02-14T17:56:30","date_gmt":"2024-02-14T20:56:30","guid":{"rendered":"http:\/\/informeagropecuario.com.ar\/?p=23868"},"modified":"2024-02-14T17:56:30","modified_gmt":"2024-02-14T20:56:30","slug":"la-ola-de-impuestazos-de-los-municipios-contra-el-campo-una-alerta-en-las-entidades-rurales","status":"publish","type":"post","link":"https:\/\/informeagropecuario.com.ar\/?p=23868","title":{"rendered":"La ola de \u201cimpuestazos\u201d de los municipios contra el campo, una alerta en las entidades rurales"},"content":{"rendered":"<p class=\"font_ssp\">La ola de \u201cimpuestazos\u201d de los municipios contra el campo, una alerta en las entidades rurales<!--more--><\/p>\n<p>Si bien en las \u00faltimas horas del fin de semana largo fue el presidente de la\u00a0<strong>Sociedad Rural Argentina<\/strong>,\u00a0<strong>Nicol\u00e1s Pino<\/strong>, quien le puso voz a la preocupaci\u00f3n de los productores por la aplicaci\u00f3n de\u00a0<strong>nuevos\u00a0\u201cimpuestazos\u201d\u00a0hacia el campo<\/strong>, todo el arco dirigencial del agro comparte la mirada.<\/p>\n<p>\u201cMuchos intendentes bonaerenses parecen no entender que\u00a0<strong>los argentinos, y en especial el campo, no resisten m\u00e1s presi\u00f3n impositiva\u201d<\/strong>, se\u00f1al\u00f3 Pino desde su cuenta de X.<\/p>\n<p>\u201cAdem\u00e1s, obvian que\u00a0<strong>la mayor\u00eda de la sociedad vot\u00f3 un modelo con menos impuestos<\/strong>\u201d, sum\u00f3.<\/p>\n<p>El primero de los recuerdos a los que apel\u00f3 Pino fue el de\u00a0<strong>Azul, en Buenos Aires<\/strong>, donde el municipio estableci\u00f3 el pago de una \u201ctasa de servicios esenciales\u201d.<\/p>\n<p>La decisi\u00f3n comunal gener\u00f3 una \u201ccadena solidaria\u201d entre los productores y el\u00a0<strong>consecuente paso a iniciar acciones en la Justici<\/strong>a.<\/p>\n<h2><strong>LOS \u201cIMPUESTAZOS\u201d AL CAMPO<\/strong><\/h2>\n<p>En esos d\u00edas, en noviembre de 2023, tambi\u00e9n recrudec\u00eda el conflicto de los productores del partido bonaerense de\u00a0<strong>Laprida<\/strong>.<\/p>\n<p>All\u00ed, el Concejo Deliberante hab\u00eda aprobado para ese mes nada menos que\u00a0<strong>la s\u00e9ptima cuota extraordinaria a la tasa vial<\/strong>.<\/p>\n<p>\u201c<strong>Desde CARBAP rechazamos de plano estos indebidos aumentos<\/strong>, que lindan con lo confiscatorio y que promover\u00e1n una gran litigiosidad al no tener una contraprestaci\u00f3n clara y manifiesta\u201d, puntualizaron desde la Confederaci\u00f3n de Asociaciones Rurales de Buenos Aires y La Pampa por ese entonces.<\/p>\n<p>Por eso, en este sentido, los comentarios del presidente de SRA apuntaron sobre una de las nuevas disputas que se le presenta a los productores y la dirigencia agropecuaria: la municipalidad de\u00a0<strong>Pehuaj\u00f3, tambi\u00e9n en Buenos Aires, trabaja por estas horas en la redacci\u00f3n de un impuesto a la aplicaci\u00f3n de agroqu\u00edmicos<\/strong>.<\/p>\n<p>La normativa impulsada por el intendente\u00a0<strong>Pablo Zurro tiene un alcance econ\u00f3mico de dos litros de gasoil por hect\u00e1rea producida<\/strong>.<\/p>\n<p>El productor local Jos\u00e9 Perkins reclam\u00f3 en FM M\u00e1gica de Pehuaj\u00f3: \u201cLa ordenanza de Uni\u00f3n por la Patria\u00a0<strong>es\u00a0confiscatoria y rid\u00edcula. Quiere impedir aplicar fitosanitarios en los campos que est\u00e1n a 500 metros del ejido urbano<\/strong>\u00a0y pide 300 metros m\u00e1s de \u00e1rea de amortiguamiento (b\u00fafer) para tratar solo con productos banda verde\u201d.<\/p>\n<p>\u201c<strong>Si nosotros no podemos cuidar a los cultivos, salen del \u00e1rea de siembra, porque es indispensable para mantener los lotes limpios y sanos<\/strong>. Lo parad\u00f3jico de esto es que\u00a0los productos de uso dom\u00e9stico tienen la misma peligrosidad\u00a0que los fitosanitarios\u201d, calific\u00f3.<\/p>\n<h2><strong>MESA DE ENLACE BONAERENSE<\/strong><\/h2>\n<p>\u201cLas entidades se mostraron todas muy preocupadas ya que\u00a0<strong>en algunos municipios se han realizado importantes aumentos o creados nuevas tasas municipales<\/strong>\u00a0de manera tal que no son para una funci\u00f3n espec\u00edfica\u201d, apuntaron desde Carbap, Coninagro, Federaci\u00f3n Agraria Argentina y SRA en un comunicado conjunto.<\/p>\n<p>Tambi\u00e9n apuntaron que \u201c<strong>es un efecto meramente recaudatorio para obtener mayores ingresos, sin considerar la prestaci\u00f3n para la cual son creadas.<\/strong>\u00a0En vez de ajustar gastos, observamos que contin\u00faan los incrementos en los impuestos que como en otras ocasiones los terminan pagando el sector agropecuario\u201d.<\/p>\n<p>\u201cBanco fuerte esta rebeli\u00f3n fiscal.\u00a0<strong>No a la suba de impuestos y menos de las tasas y menos contra el campo<\/strong>, al cual, muchos intendentes, se lo fuman en pipa\u201d, opin\u00f3 v\u00eda X el diputado aliado del oficialismo Jos\u00e9 Luis Espert.<\/p>\n<p>R\u00e1pidamente Coninagro adhiri\u00f3: \u201cCompartimos esta visi\u00f3n, no a la suba de impuestos y tasas\u201d.<\/p>\n","protected":false},"excerpt":{"rendered":"<p>La ola de \u201cimpuestazos\u201d de los municipios contra el campo, una alerta en las entidades<\/p>\n","protected":false},"author":1,"featured_media":23869,"comment_status":"open","ping_status":"open","sticky":false,"template":"","format":"standard","meta":{"footnotes":""},"categories":[20],"tags":[],"class_list":["post-23868","post","type-post","status-publish","format-standard","has-post-thumbnail","hentry","category-actualidad"],"_links":{"self":[{"href":"https:\/\/informeagropecuario.com.ar\/index.php?rest_route=\/wp\/v2\/posts\/23868","targetHints":{"allow":["GET"]}}],"collection":[{"href":"https:\/\/informeagropecuario.com.ar\/index.php?rest_route=\/wp\/v2\/posts"}],"about":[{"href":"https:\/\/informeagropecuario.com.ar\/index.php?rest_route=\/wp\/v2\/types\/post"}],"author":[{"embeddable":true,"href":"https:\/\/informeagropecuario.com.ar\/index.php?rest_route=\/wp\/v2\/users\/1"}],"replies":[{"embeddable":true,"href":"https:\/\/informeagropecuario.com.ar\/index.php?rest_route=%2Fwp%2Fv2%2Fcomments&post=23868"}],"version-history":[{"count":1,"href":"https:\/\/informeagropecuario.com.ar\/index.php?rest_route=\/wp\/v2\/posts\/23868\/revisions"}],"predecessor-version":[{"id":23870,"href":"https:\/\/informeagropecuario.com.ar\/index.php?rest_route=\/wp\/v2\/posts\/23868\/revisions\/23870"}],"wp:featuredmedia":[{"embeddable":true,"href":"https:\/\/informeagropecuario.com.ar\/index.php?rest_route=\/wp\/v2\/media\/23869"}],"wp:attachment":[{"href":"https:\/\/informeagropecuario.com.ar\/index.php?rest_route=%2Fwp%2Fv2%2Fmedia&parent=23868"}],"wp:term":[{"taxonomy":"category","embeddable":true,"href":"https:\/\/informeagropecuario.com.ar\/index.php?rest_route=%2Fwp%2Fv2%2Fcategories&post=23868"},{"taxonomy":"post_tag","embeddable":true,"href":"https:\/\/informeagropecuario.com.ar\/index.php?rest_route=%2Fwp%2Fv2%2Ftags&post=23868"}],"curies":[{"name":"wp","href":"https:\/\/api.w.org\/{rel}","templated":true}]}}