{"id":23881,"date":"2024-02-19T14:59:29","date_gmt":"2024-02-19T17:59:29","guid":{"rendered":"http:\/\/informeagropecuario.com.ar\/?p=23881"},"modified":"2024-02-19T14:59:29","modified_gmt":"2024-02-19T17:59:29","slug":"maria-jimena-lopez-se-convirtio-en-la-primera-mujer-en-presidir-el-consorcio-de-gestion-de-puerto-quequen-al-asumir-su-mandato","status":"publish","type":"post","link":"https:\/\/informeagropecuario.com.ar\/?p=23881","title":{"rendered":"Mar\u00eda Jimena L\u00f3pez se convirti\u00f3 en la primera mujer en presidir el Consorcio de Gesti\u00f3n de Puerto Quequ\u00e9n, al asumir su mandato."},"content":{"rendered":"<p>\u201cEstamos ante un desaf\u00edo positivo: la posibilidad de construir otra l\u00f3gica institucional, donde se priorice un puerto de cara a la ciudad y abierto a todos los actores del ecosistema log\u00edstico y productivo del Hinterland\u201d, asegur\u00f3 en conferencia de prensa.<!--more--><\/p>\n<p>El pasado viernes 16 de febrero, mediante el Decreto 149\/2024, firmado por el Gobernador de la Provincia de Buenos Aires, Axel Kicillof; y los ministros de Producci\u00f3n, Ciencia e Innovaci\u00f3n Tecnol\u00f3gica, Augusto Costa, y Gobierno, Carlos Bianco, se design\u00f3 a Jimena L\u00f3pez como presidente del Directorio del Ente portuario de la estaci\u00f3n mar\u00edtima del sudeste bonaerense.<\/p>\n<p>La flamante funcionaria resalt\u00f3 estar \u201cagradecida al Gobernador Axel Kicillof, que me pone en funciones; a mi conducci\u00f3n, el Dr. Sergio Massa; y a los acuerdos que se generaron para que hoy yo est\u00e9 sentada en el puerto\u201d.<\/p>\n<h3 class=\"wp-block-heading\"><strong>Transparencia y austeridad<\/strong><\/h3>\n<p>En la jurisdicci\u00f3n del Ministerio de Producci\u00f3n bonaerense, los principales lineamientos de trabajo son \u201cla transparencia y la austeridad necesarias en la gesti\u00f3n, para generar una identidad donde los todos los ciudadanos del partido de Necochea sientan orgullo de su puerto<strong>,\u00a0<\/strong>conozcan la actividad y c\u00f3mo influye en la producci\u00f3n y el trabajo de manera directa e indirecta\u201d.<\/p>\n<h3 class=\"wp-block-heading\"><strong>Abrir puertas<\/strong><\/h3>\n<p>Con una perspectiva m\u00e1s equitativa e igualitaria de los puertos y la log\u00edstica, valor\u00f3 \u201ces un desaf\u00edo enorme. Me toc\u00f3 ser la primera Secretaria de Transporte de la Naci\u00f3n en 40 a\u00f1os de democracia, y hoy, que en marzo el Consorcio cumple 30 a\u00f1os, soy la primera mujer en presidir este puerto. Me llena de orgullo, porque siempre que llega una de nosotras, abrimos la puerta a que lleguen muchas m\u00e1s. Eso tambi\u00e9n es una marca de gesti\u00f3n que quiero llevar adelante\u201d.<\/p>\n<figure class=\"wp-block-image size-full\"><img fetchpriority=\"high\" decoding=\"async\" class=\"wp-image-12337\" src=\"https:\/\/diarionq.com.ar\/wp-content\/uploads\/2024\/01\/puerto-quequen.jpeg\" sizes=\"(max-width: 1280px) 100vw, 1280px\" srcset=\"https:\/\/diarionq.com.ar\/wp-content\/uploads\/2024\/01\/puerto-quequen.jpeg 1280w, https:\/\/diarionq.com.ar\/wp-content\/uploads\/2024\/01\/puerto-quequen-300x155.jpeg 300w, https:\/\/diarionq.com.ar\/wp-content\/uploads\/2024\/01\/puerto-quequen-768x397.jpeg 768w, https:\/\/diarionq.com.ar\/wp-content\/uploads\/2024\/01\/puerto-quequen-750x388.jpeg 750w, https:\/\/diarionq.com.ar\/wp-content\/uploads\/2024\/01\/puerto-quequen-1140x590.jpeg 1140w\" alt=\"\" width=\"1280\" height=\"662\" data-pin-no-hover=\"true\" \/><\/figure>\n<h3 class=\"wp-block-heading\"><strong>Conducci\u00f3n basada en resultados<\/strong><\/h3>\n<p>Consultada por su trayectoria y conocimientos en el sector, Jimena L\u00f3pez reconoci\u00f3 \u201csiempre intento trabajar mucho y dejar alg\u00fan estilo de conducci\u00f3n marcado en la generaci\u00f3n de resultados. Estar a cargo de la Secretar\u00eda de Puertos y V\u00edas Navegables me permiti\u00f3 conocer la normativa de puertos. Pero no solamente hay que conocer de puertos, sino tambi\u00e9n de gesti\u00f3n, para poder conducir a los trabajadores en funci\u00f3n de los objetivos que tiene la instituci\u00f3n. Seguramente tengo que aprender mucho, porque cada lugar tiene sus particularidades\u201d.<\/p>\n<h3 class=\"wp-block-heading\"><strong>Una empresa con impacto productivo: generando trabajo y obras<\/strong><\/h3>\n<p>En 2024, se proyecta que Argentina recibir\u00e1 31 mil millones de d\u00f3lares por la agroexportaci\u00f3n.<\/p>\n<p>En este contexto, L\u00f3pez afirm\u00f3: \u201cEstamos ante la posibilidad de hacer este a\u00f1o un nuevo r\u00e9cord hist\u00f3rico y que eso redunde en beneficio no solamente del puerto sino tambi\u00e9n de toda la ciudad. El puerto es un lugar de producci\u00f3n y de trabajo, somos parte de la cadena que alimenta al mundo. Esto es una empresa que genera impacto productivo y tenemos que poder presentarla a la comunidad desde esa l\u00f3gica\u201d.<\/p>\n<h3 class=\"wp-block-heading\"><strong>Profesionalizaci\u00f3n y modernizaci\u00f3n<\/strong><\/h3>\n<p>Con miras a una profesionalizaci\u00f3n institucional, la presidenta afirm\u00f3 que \u201cpara poder salir afuera, tenemos que fortalecer el adentro. Buscaremos trabajar y traer el equipo de trabajo necesario y profesional para este puerto. Ac\u00e1 hay mucha gente valiosa. Hay cuestiones a ordenar de estructura y organigrama, con una redistribuci\u00f3n de funciones y teniendo en claro c\u00f3mo se disponen las \u00e1reas en relaci\u00f3n a un puerto moderno\u201d.<\/p>\n<p>\u201cTenemos uno de los puertos m\u00e1s r\u00e1pidos de la Argentina. Debemos pensar en clave de modernizaci\u00f3n portuaria, generando las condiciones de tecnolog\u00eda en t\u00e9rminos de seguridad portuaria y digitalizaci\u00f3n\u201d, destac\u00f3.<\/p>\n<p>&nbsp;<\/p>\n<pre>Fuente: NQ diario<\/pre>\n","protected":false},"excerpt":{"rendered":"<p>\u201cEstamos ante un desaf\u00edo positivo: la posibilidad de construir otra l\u00f3gica institucional, donde se priorice<\/p>\n","protected":false},"author":1,"featured_media":23882,"comment_status":"open","ping_status":"open","sticky":false,"template":"","format":"standard","meta":{"footnotes":""},"categories":[20],"tags":[],"class_list":["post-23881","post","type-post","status-publish","format-standard","has-post-thumbnail","hentry","category-actualidad"],"_links":{"self":[{"href":"https:\/\/informeagropecuario.com.ar\/index.php?rest_route=\/wp\/v2\/posts\/23881","targetHints":{"allow":["GET"]}}],"collection":[{"href":"https:\/\/informeagropecuario.com.ar\/index.php?rest_route=\/wp\/v2\/posts"}],"about":[{"href":"https:\/\/informeagropecuario.com.ar\/index.php?rest_route=\/wp\/v2\/types\/post"}],"author":[{"embeddable":true,"href":"https:\/\/informeagropecuario.com.ar\/index.php?rest_route=\/wp\/v2\/users\/1"}],"replies":[{"embeddable":true,"href":"https:\/\/informeagropecuario.com.ar\/index.php?rest_route=%2Fwp%2Fv2%2Fcomments&post=23881"}],"version-history":[{"count":1,"href":"https:\/\/informeagropecuario.com.ar\/index.php?rest_route=\/wp\/v2\/posts\/23881\/revisions"}],"predecessor-version":[{"id":23883,"href":"https:\/\/informeagropecuario.com.ar\/index.php?rest_route=\/wp\/v2\/posts\/23881\/revisions\/23883"}],"wp:featuredmedia":[{"embeddable":true,"href":"https:\/\/informeagropecuario.com.ar\/index.php?rest_route=\/wp\/v2\/media\/23882"}],"wp:attachment":[{"href":"https:\/\/informeagropecuario.com.ar\/index.php?rest_route=%2Fwp%2Fv2%2Fmedia&parent=23881"}],"wp:term":[{"taxonomy":"category","embeddable":true,"href":"https:\/\/informeagropecuario.com.ar\/index.php?rest_route=%2Fwp%2Fv2%2Fcategories&post=23881"},{"taxonomy":"post_tag","embeddable":true,"href":"https:\/\/informeagropecuario.com.ar\/index.php?rest_route=%2Fwp%2Fv2%2Ftags&post=23881"}],"curies":[{"name":"wp","href":"https:\/\/api.w.org\/{rel}","templated":true}]}}