{"id":23884,"date":"2024-02-19T15:01:23","date_gmt":"2024-02-19T18:01:23","guid":{"rendered":"http:\/\/informeagropecuario.com.ar\/?p=23884"},"modified":"2024-02-19T15:01:23","modified_gmt":"2024-02-19T18:01:23","slug":"el-intendente-recibio-a-jimena-lopez-flamante-presidenta-del-consorcio-de-puerto-quequen","status":"publish","type":"post","link":"https:\/\/informeagropecuario.com.ar\/?p=23884","title":{"rendered":"El Intendente recibi\u00f3 a Jimena L\u00f3pez, flamante presidenta del Consorcio de Puerto Quequ\u00e9n"},"content":{"rendered":"<p>Arturo Rojas dese\u00f3 los mejores augurios a la nueva titular del ente portuario, celebr\u00f3 que sea una persona local la que est\u00e9 al frente del mismo y ambos coincidieron en desarrollar fuertemente un trabajo mancomunado entre Municipio y Puerto.<!--more--><\/p>\n<p>El intendente municipal, Arturo Rojas, recibi\u00f3 en la comuna a la flamante presidenta del Consorcio de Gesti\u00f3n de Puerto Quequ\u00e9n, Jimena L\u00f3pez, quien fue puesta en funciones oficialmente este lunes al frente del ente portuario tras el nombramiento dispuesto por el gobernador de la provincia de Buenos Aires, Axel Kicillof.<\/p>\n<figure class=\"wp-block-image size-full\"><\/figure>\n<p>Al darle la bienvenida en su despacho,\u00a0<strong>el intendente<\/strong>\u00a0se\u00f1al\u00f3 que \u201cquer\u00edamos recibir a la actual presidenta del Consorcio de Gesti\u00f3n de Puerto Quequ\u00e9n que acaba de asumir, Jimena L\u00f3pez, desearle los mejores augurios y destacar el hecho de poder trabajar en conjunto, cosa que no ha ocurrido en los \u00faltimos a\u00f1os con el anterior presidente\u201d.<\/p>\n<p><strong>\u00abMucho por crecer y hacer\u00bb<\/strong><\/p>\n<p>Conocedor del caso por haber conducido la presidencia del Consorcio antes de llegar a la intendencia, Rojas subray\u00f3 que \u201csabemos de las potencialidades que tiene el Puerto y el trabajo en conjunto que se tiene que hacer con la Municipalidad\u201d, por lo cual asegur\u00f3 que \u201chay mucho por crecer y hacer, y estar\u00e1 la mejor predisposici\u00f3n de parte nuestra para coordinar muchas acciones, generar inversiones y que algunos de los programas que funcionaban en anteriores gestiones se vuelvan a establecer, como el de Puerto Ciudad\u201d.<\/p>\n<p>Asimismo, el m\u00e1ximo mandatario del distrito valor\u00f3 que \u201cse haya elegido a una persona de nuestra ciudad, porque cuando viene alguien de afuera no le rinde cuentas a nadie, pero los que somos de ac\u00e1 transitamos las calles de nuestra ciudad cuando vamos al almac\u00e9n, llevamos los chicos al colegio o vamos a cualquier espacio p\u00fablico, y la gente nos reclama para que rindamos cuenta permanentemente de lo que hacemos en la funci\u00f3n p\u00fablica, y est\u00e1 muy bien que as\u00ed sea\u201d. En esa l\u00ednea, Rojas celebr\u00f3 tener la primera presidenta mujer en Puerto Quequ\u00e9n: \u201cQue sea nuestra ciudad es un plus que le da a nuestra gesti\u00f3n\u201d, manifest\u00f3.<\/p>\n<p><strong>\u00abEl Puerto tiene que ser abierto a la ciudad y no estar de espaldas\u00bb<\/strong><\/p>\n<p>Por su parte, quien fuera secretaria de Desarrollo Humano de la comuna y luego Diputada nacional y vice ministra de Transporte de la Naci\u00f3n, expres\u00f3 con felicidad \u201cla posibilidad de volver a estar en mi ciudad que realmente me pone muy contenta porque vuelvo a estar cerca de mi hijo, y agradecer al Intendente la posibilidad de trabajar de manera conjunta en pos del bienestar de nuestra comunidad; los dos somos criados en Necochea y Quequ\u00e9n y nos parece importante entender que el Puerto tiene que ser abierto a la ciudad y no estar de espaldas\u201d.<\/p>\n<p>En ese sentido, Jimena revel\u00f3 que \u201cqueremos trabajar mancomunadamente con el municipio para resolver situaciones que no deber\u00edan generar ninguna controversia si hubiese un puerto que est\u00e9 presente, sabiendo de las facilidades que tiene en t\u00e9rminos administrativos un puerto\u201d, y al trazar ejes para su nuevo desaf\u00edo asegur\u00f3 que \u201cen principio tiene que ver con una reorganizaci\u00f3n interna de la instituci\u00f3n en t\u00e9rminos de digitalizaci\u00f3n y manual de procedimientos como para lograr nuevamente un salto de modernizaci\u00f3n como el que hab\u00eda logrado Arturo cuando fue presidente\u201d, resaltando los conceptos de trabajar la sustentabilidad y las caracter\u00edsticas \u00a0sociales dentro del tejido urbano, \u201cy me parece importante tener en claro que hay que reorganizarse en t\u00e9rminos productivos\u201d.<\/p>\n<div class=\"wp-block-image\"><\/div>\n<p>Atento al conflictivo presente a nivel nacional, Arturo Rojas a\u00f1adi\u00f3 que \u201cen los momentos dif\u00edciles que estamos viviendo y las adversidades que vamos a pasar es importante el trabajo mancomunado, el que venimos llevando adelante con la Provincia y el que tenemos que hacer ac\u00e1 con las principales instituciones. Estamos hablando de la Municipalidad y del Consorcio, pero tambi\u00e9n tenemos que sumar a la Usina Popular Cooperativa, y adem\u00e1s cada una de las instituciones intermedias\u201d.<\/p>\n<p>Argument\u00f3 al respecto que \u201ceste trabajo en conjunto va a servir para reclamar obras que son vitales para el crecimiento y el desarrollo de nuestro distrito\u201d. Por ejemplo, puso en agenda que \u201cestamos en un proceso con la Provincia de lo que tiene que ver con la repotenciaci\u00f3n de la energ\u00eda de Quequ\u00e9n y la regi\u00f3n con un financiamiento de la CAF, sobre lo que estaremos muy atentos con lo que pueda suceder porque eso generar\u00eda la posibilidad de radicaci\u00f3n de nuevas empresas y malter\u00edas, y en caso de caerse esa licitaci\u00f3n otra vez perjudicar\u00eda al distrito\u201d.<\/p>\n<p>Asimismo, \u201cmuchas obras que tenemos para trabajar y exigir en conjunto\u201d, indic\u00f3 el Intendente, enumerando los accesos a la ciudad, la Av. Almirante Brown, por donde el pasa el circuito de la producci\u00f3n; el poder tener un control a trav\u00e9s del monitoreo constante del paso de los transportistas y la seguridad vial; o poder trabajar en \u00e1reas peri urbanas y seguir gestionando obras que son importantes y que quedaron inconclusas, \u201ccomo el pavimento de la Av. 531, que es vital para Quequ\u00e9n\u201d.<\/p>\n<p>\u201cPara todo esto y muchas cosas m\u00e1s que podemos pensar, siempre va a ser mejor que \u00a0estemos todos en una misma mesa planteando los mismos objetivos, porque no hay nadie mejor para hacerlo que los que vivimos ac\u00e1 y conocemos las necesidades y las obras que son vitales para nuestro distrito\u201d, afirm\u00f3 finalmente Rojas, para concluir que \u201cnadie a 500 o 600 kil\u00f3metros va a conocer mejor la realidad de los que estamos ac\u00e1, entonces las prioridades las tenemos que establecer entre los referentes de las principales instituciones y empujar en conjunto para que esas obras se concreten en la realidad\u201d.<\/p>\n","protected":false},"excerpt":{"rendered":"<p>Arturo Rojas dese\u00f3 los mejores augurios a la nueva titular del ente portuario, celebr\u00f3 que<\/p>\n","protected":false},"author":1,"featured_media":23885,"comment_status":"open","ping_status":"open","sticky":false,"template":"","format":"standard","meta":{"footnotes":""},"categories":[20],"tags":[],"class_list":["post-23884","post","type-post","status-publish","format-standard","has-post-thumbnail","hentry","category-actualidad"],"_links":{"self":[{"href":"https:\/\/informeagropecuario.com.ar\/index.php?rest_route=\/wp\/v2\/posts\/23884","targetHints":{"allow":["GET"]}}],"collection":[{"href":"https:\/\/informeagropecuario.com.ar\/index.php?rest_route=\/wp\/v2\/posts"}],"about":[{"href":"https:\/\/informeagropecuario.com.ar\/index.php?rest_route=\/wp\/v2\/types\/post"}],"author":[{"embeddable":true,"href":"https:\/\/informeagropecuario.com.ar\/index.php?rest_route=\/wp\/v2\/users\/1"}],"replies":[{"embeddable":true,"href":"https:\/\/informeagropecuario.com.ar\/index.php?rest_route=%2Fwp%2Fv2%2Fcomments&post=23884"}],"version-history":[{"count":1,"href":"https:\/\/informeagropecuario.com.ar\/index.php?rest_route=\/wp\/v2\/posts\/23884\/revisions"}],"predecessor-version":[{"id":23886,"href":"https:\/\/informeagropecuario.com.ar\/index.php?rest_route=\/wp\/v2\/posts\/23884\/revisions\/23886"}],"wp:featuredmedia":[{"embeddable":true,"href":"https:\/\/informeagropecuario.com.ar\/index.php?rest_route=\/wp\/v2\/media\/23885"}],"wp:attachment":[{"href":"https:\/\/informeagropecuario.com.ar\/index.php?rest_route=%2Fwp%2Fv2%2Fmedia&parent=23884"}],"wp:term":[{"taxonomy":"category","embeddable":true,"href":"https:\/\/informeagropecuario.com.ar\/index.php?rest_route=%2Fwp%2Fv2%2Fcategories&post=23884"},{"taxonomy":"post_tag","embeddable":true,"href":"https:\/\/informeagropecuario.com.ar\/index.php?rest_route=%2Fwp%2Fv2%2Ftags&post=23884"}],"curies":[{"name":"wp","href":"https:\/\/api.w.org\/{rel}","templated":true}]}}