{"id":23888,"date":"2024-02-20T16:41:18","date_gmt":"2024-02-20T19:41:18","guid":{"rendered":"http:\/\/informeagropecuario.com.ar\/?p=23888"},"modified":"2024-02-20T16:41:18","modified_gmt":"2024-02-20T19:41:18","slug":"con-la-exportacion-de-carnes-sobre-la-mesa-el-gobierno-recibira-a-la-mesa-de-enlace","status":"publish","type":"post","link":"https:\/\/informeagropecuario.com.ar\/?p=23888","title":{"rendered":"Con la exportaci\u00f3n de carnes sobre la mesa, el Gobierno recibir\u00e1 a la Mesa de Enlace"},"content":{"rendered":"<p class=\"description mainfont\">La canciller, Diana Mondino, recibir\u00e1 este viernes a los principales referentes de las entidades agropecuarias.<!--more--><\/p>\n<p>El Gobierno recibir\u00e1 a finales de esta semana a la Mesa de Enlace buscando limar asperezas tras los idas y vueltas por la suba de las retenciones, en una reuni\u00f3n que tendr\u00e1 como ejes centrales el\u00a0<strong>mercado de exportaci\u00f3n de carnes y el acuerdo Mercosur-Uni\u00f3n Europea.<\/strong><\/p>\n<p>El encuentro se llevar\u00e1 a cabo el pr\u00f3ximo viernes 23 y por parte del Ejecutivo estar\u00e1 presente la ministra de Relaciones Exteriores, Diana Mondino, mientras que por el lado del campo, estar\u00e1n presentes los titulares de la Sociedad Rural (SRA), Nicolas Pino, de la Federaci\u00f3n Agraria Argentina (FAA), Carlos Achetoni, de Confederaciones Rurales Argentina (CRA), Carlos Castagnani, y de Coninagro, Elbio Laucirica.<\/p>\n<p>Los presidentes de las entidades que conforman la Comisi\u00f3n de Enlace de Entidades Agropecuarias (CEEA) ser\u00e1n recibidos por Monidino en la propia sede de la canciller\u00eda, y plantear\u00e1n la<strong>\u00a0preocupaci\u00f3n por las exigencias ambientales de la Uni\u00f3n Europea (UE)<\/strong>, en especial la resoluci\u00f3n 1115, y el estado del acuerdo Mercosur-UE.<\/p>\n<p>El titular de CRA, Castagnani, confirm\u00f3 el encuentro con la ministra y aport\u00f3 al portal\u00a0<i>Valor Agro Argentina<\/i>\u00a0y asegur\u00f3 que\u00a0<strong>se abordar\u00e1 el mercado exportador de las carnes y las relaciones bilaterales.<\/strong><\/p>\n<p>Estos temas vienen de ser tratados en recientemente en la Mesa Nacional del Trigo, en el marco de la Fiesta Nacional del Trigo, celebrada en C\u00f3rdoba. Laucirica asegur\u00f3 que \u00abuno de los ejes m\u00e1s importante fue el apoyo un\u00e1nime a que<strong>\u00a0tengamos liberados los mercados,<\/strong>\u00a0a la desregulaci\u00f3n que ya se est\u00e1n dando los primeros pasos\u00bb<\/p>\n<p>En relaci\u00f3n al debate ambiental por los reparos de Europa, el dirigente agropecuario manifest\u00f3 que\u00a0<strong>\u00abla huella de carbono de nuestras producciones es muy inferior al del resto de los pa\u00edses\u00a0<\/strong>y esta es una ventaja competitiva que tenemos que aprovechar, comunicarla y hacerla efectiva para tener justamente mejores condiciones de comercializaci\u00f3n en beneficio no solamente del pa\u00eds, sino tambi\u00e9n de los productores\u00bb.<\/p>\n<p>La convocatoria del Gobierno al campo se da tras las diferencias por el debate de la suba de retenciones promovida en la Ley \u00d3mnibus, que propon\u00eda fijar en 15% las retenciones para todas las exportaciones, aunque luego de diferentes negociaciones se establecieron excepciones a un grupo de econom\u00edas regionales. Finalmente no prosper\u00f3.<\/p>\n<p>Al respecto de este tema, Lauriciria expres\u00f3 que con el resto de las entidades \u00abcoincidimos y fue una opini\u00f3n de toda la mesa que los derechos de exportaci\u00f3n son contraproducentes para el desarrollo local, el crecimiento de la econom\u00eda y una movilizaci\u00f3n para tener generaci\u00f3n de empleos genuinos\u00bb.<\/p>\n","protected":false},"excerpt":{"rendered":"<p>La canciller, Diana Mondino, recibir\u00e1 este viernes a los principales referentes de las entidades agropecuarias.<\/p>\n","protected":false},"author":1,"featured_media":23889,"comment_status":"open","ping_status":"open","sticky":false,"template":"","format":"standard","meta":{"footnotes":""},"categories":[20],"tags":[],"class_list":["post-23888","post","type-post","status-publish","format-standard","has-post-thumbnail","hentry","category-actualidad"],"_links":{"self":[{"href":"https:\/\/informeagropecuario.com.ar\/index.php?rest_route=\/wp\/v2\/posts\/23888","targetHints":{"allow":["GET"]}}],"collection":[{"href":"https:\/\/informeagropecuario.com.ar\/index.php?rest_route=\/wp\/v2\/posts"}],"about":[{"href":"https:\/\/informeagropecuario.com.ar\/index.php?rest_route=\/wp\/v2\/types\/post"}],"author":[{"embeddable":true,"href":"https:\/\/informeagropecuario.com.ar\/index.php?rest_route=\/wp\/v2\/users\/1"}],"replies":[{"embeddable":true,"href":"https:\/\/informeagropecuario.com.ar\/index.php?rest_route=%2Fwp%2Fv2%2Fcomments&post=23888"}],"version-history":[{"count":1,"href":"https:\/\/informeagropecuario.com.ar\/index.php?rest_route=\/wp\/v2\/posts\/23888\/revisions"}],"predecessor-version":[{"id":23890,"href":"https:\/\/informeagropecuario.com.ar\/index.php?rest_route=\/wp\/v2\/posts\/23888\/revisions\/23890"}],"wp:featuredmedia":[{"embeddable":true,"href":"https:\/\/informeagropecuario.com.ar\/index.php?rest_route=\/wp\/v2\/media\/23889"}],"wp:attachment":[{"href":"https:\/\/informeagropecuario.com.ar\/index.php?rest_route=%2Fwp%2Fv2%2Fmedia&parent=23888"}],"wp:term":[{"taxonomy":"category","embeddable":true,"href":"https:\/\/informeagropecuario.com.ar\/index.php?rest_route=%2Fwp%2Fv2%2Fcategories&post=23888"},{"taxonomy":"post_tag","embeddable":true,"href":"https:\/\/informeagropecuario.com.ar\/index.php?rest_route=%2Fwp%2Fv2%2Ftags&post=23888"}],"curies":[{"name":"wp","href":"https:\/\/api.w.org\/{rel}","templated":true}]}}