{"id":23899,"date":"2024-02-23T11:48:59","date_gmt":"2024-02-23T14:48:59","guid":{"rendered":"http:\/\/informeagropecuario.com.ar\/?p=23899"},"modified":"2024-02-23T11:51:17","modified_gmt":"2024-02-23T14:51:17","slug":"la-presidenta-de-puerto-quequen-lic-jimena-lopez-recibio-a-la-directora-de-gestion-de-formacion-laboral","status":"publish","type":"post","link":"https:\/\/informeagropecuario.com.ar\/?p=23899","title":{"rendered":"La Presidenta de Puerto Quequ\u00e9n, Lic. Jimena L\u00f3pez, recibi\u00f3 a la Directora de Gesti\u00f3n de Formaci\u00f3n Laboral"},"content":{"rendered":"<p>\u201cQueremos ver cuales son las necesidades del sector portuario, para generar opciones de capacitaci\u00f3n para los trabajadores\u201d<!--more--><\/p>\n<p>\u201cUna de nuestras funciones es la de organizar y actualizar el Registro Provincial de Instituciones efectoras de Capacitaci\u00f3n Laboral y Formaci\u00f3n Profesional en toda la Provincia de Buenos Aires\u201d, destac\u00f3 Liliana Meretz, Directora de Gesti\u00f3n de Formaci\u00f3n Laboral, quien mantuvo un encuentro con la Presidenta del Consorcio de Gesti\u00f3n del Puerto de Quequ\u00e9n, Lic. Jimena Lopez, en las instalaci\u00f3nes de la instituci\u00f3n portuaria.<\/p>\n<p>Al respecto indic\u00f3 que \u201cdurante el desarrollo de la reuni\u00f3n, le solicitamos a la Presidenta cuales son las necesidades y que es lo que podemos aportar a trav\u00e9s de los institutos bajo nuestra \u00f3rbita para llevar soluci\u00f3n a las demandas que van surgiendo en los distritos. En este caso, en la actividad portuaria, para poder capacitar a todos los trabajadores\u201d, indic\u00f3 la funcionaria.<\/p>\n<p>La Lic. Jimena L\u00f3pez remarc\u00f3 que\u00a0 \u201cen el marco de esta reuni\u00f3n de trabajo, estuvimos mirando diferentes variantes para ver como abordar un trabajo en conjunto, articulado, para empezar a generar estas opciones a los trabajadores y trabajadoras del sector\u201d.<\/p>\n<p>&nbsp;<\/p>\n<p>Finalmente, Liliana Meretz \u201cindic\u00f3 que\u00a0 vamos a iniciar una agenda de trabajo en com\u00fan, que implica ver las propuestas que tenemos desde nuestra direcci\u00f3n y tambi\u00e9n ver las demandas que tiene la actividad portuaria. En base a eso, generar opciones que se puedan concretar en lo inmediato, trayendo a la ciudad esas oportunidades de formaci\u00f3n para todos los trabajadores\u201d.<\/p>\n<p>&nbsp;<\/p>\n<p>&nbsp;<\/p>\n","protected":false},"excerpt":{"rendered":"<p>\u201cQueremos ver cuales son las necesidades del sector portuario, para generar opciones de capacitaci\u00f3n para<\/p>\n","protected":false},"author":1,"featured_media":23900,"comment_status":"open","ping_status":"open","sticky":false,"template":"","format":"standard","meta":{"footnotes":""},"categories":[20],"tags":[],"class_list":["post-23899","post","type-post","status-publish","format-standard","has-post-thumbnail","hentry","category-actualidad"],"_links":{"self":[{"href":"https:\/\/informeagropecuario.com.ar\/index.php?rest_route=\/wp\/v2\/posts\/23899","targetHints":{"allow":["GET"]}}],"collection":[{"href":"https:\/\/informeagropecuario.com.ar\/index.php?rest_route=\/wp\/v2\/posts"}],"about":[{"href":"https:\/\/informeagropecuario.com.ar\/index.php?rest_route=\/wp\/v2\/types\/post"}],"author":[{"embeddable":true,"href":"https:\/\/informeagropecuario.com.ar\/index.php?rest_route=\/wp\/v2\/users\/1"}],"replies":[{"embeddable":true,"href":"https:\/\/informeagropecuario.com.ar\/index.php?rest_route=%2Fwp%2Fv2%2Fcomments&post=23899"}],"version-history":[{"count":2,"href":"https:\/\/informeagropecuario.com.ar\/index.php?rest_route=\/wp\/v2\/posts\/23899\/revisions"}],"predecessor-version":[{"id":23902,"href":"https:\/\/informeagropecuario.com.ar\/index.php?rest_route=\/wp\/v2\/posts\/23899\/revisions\/23902"}],"wp:featuredmedia":[{"embeddable":true,"href":"https:\/\/informeagropecuario.com.ar\/index.php?rest_route=\/wp\/v2\/media\/23900"}],"wp:attachment":[{"href":"https:\/\/informeagropecuario.com.ar\/index.php?rest_route=%2Fwp%2Fv2%2Fmedia&parent=23899"}],"wp:term":[{"taxonomy":"category","embeddable":true,"href":"https:\/\/informeagropecuario.com.ar\/index.php?rest_route=%2Fwp%2Fv2%2Fcategories&post=23899"},{"taxonomy":"post_tag","embeddable":true,"href":"https:\/\/informeagropecuario.com.ar\/index.php?rest_route=%2Fwp%2Fv2%2Ftags&post=23899"}],"curies":[{"name":"wp","href":"https:\/\/api.w.org\/{rel}","templated":true}]}}