{"id":23906,"date":"2024-02-27T19:57:24","date_gmt":"2024-02-27T22:57:24","guid":{"rendered":"http:\/\/informeagropecuario.com.ar\/?p=23906"},"modified":"2024-02-27T19:57:24","modified_gmt":"2024-02-27T22:57:24","slug":"encuentro-fructifero-la-camara-industrial-de-produccion-y-servicios-se-reunio-con-la-presidenta-de-puerto-quequen-para-impulsar-proyectos-conjuntos","status":"publish","type":"post","link":"https:\/\/informeagropecuario.com.ar\/?p=23906","title":{"rendered":"Encuentro Fruct\u00edfero: La C\u00e1mara Industrial, de Producci\u00f3n y servicios, se reuni\u00f3 con la Presidenta de Puerto Quequ\u00e9n para Impulsar Proyectos Conjuntos"},"content":{"rendered":"<p>En una reuni\u00f3n llena de expectativas y colaboraci\u00f3n, la C\u00e1mara Industrial, de Producci\u00f3n y Servicios (Caproq) se reuni\u00f3 con la Presidenta de Puerto Quequ\u00e9n, Lic. Jimena L\u00f3pez, para discutir y presentar proyectos que prometen impulsar el desarrollo de Puerto Quequ\u00e9n, y por ende,\u00a0 que beneficie a la ciudad y la regi\u00f3n,<!--more--><\/p>\n<p><strong>\u201cVinimos a presentarnos oficialmente, es importante que sienta el apoyo de los privados\u201d, <\/strong>destac\u00f3 el Presidente de la Caproq, Hugo Obregozo, quien remarc\u00f3 que <strong>\u201cnos gener\u00f3 expectativa y ganas de poder trabajar en forma conjunta con Puerto Quequ\u00e9n\u201d <\/strong>indic\u00f3.<\/p>\n<p>A su turno, el Ing. Mario Goicoechea expres\u00f3<strong> \u201csu entusiasmo por la colaboraci\u00f3n, destacando la importancia de unir esfuerzos. Hay algunos puntos que venimos trabajando con los t\u00e9cnicos de la Caproq, y se los vamos a presentar para trabajar en conjunto, entre el propio Consorcio y los sectores productivos de la ciudad<\/strong><\/p>\n<p>Los representantes de la C\u00e1mara de Profesionales compartieron sus ideas innovadoras y propuestas con el objetivo com\u00fan de fortalecer la econom\u00eda local y fomentar el progreso.<\/p>\n<p>La reuni\u00f3n con la\u00a0 Presidenta de Puerto Quequ\u00e9n,\u00a0 marca un paso significativo hacia un futuro prometedor para la regi\u00f3n. Con proyectos e ideas sobre la mesa, donde se puede anticipar con optimismo los frutos de esta colaboraci\u00f3n destinada a fortalecer y transformar Puerto Quequ\u00e9n, con la posibilidad de nuevas e importantes inversiones<\/p>\n","protected":false},"excerpt":{"rendered":"<p>En una reuni\u00f3n llena de expectativas y colaboraci\u00f3n, la C\u00e1mara Industrial, de Producci\u00f3n y Servicios<\/p>\n","protected":false},"author":1,"featured_media":23907,"comment_status":"open","ping_status":"open","sticky":false,"template":"","format":"standard","meta":{"footnotes":""},"categories":[20],"tags":[],"class_list":["post-23906","post","type-post","status-publish","format-standard","has-post-thumbnail","hentry","category-actualidad"],"_links":{"self":[{"href":"https:\/\/informeagropecuario.com.ar\/index.php?rest_route=\/wp\/v2\/posts\/23906","targetHints":{"allow":["GET"]}}],"collection":[{"href":"https:\/\/informeagropecuario.com.ar\/index.php?rest_route=\/wp\/v2\/posts"}],"about":[{"href":"https:\/\/informeagropecuario.com.ar\/index.php?rest_route=\/wp\/v2\/types\/post"}],"author":[{"embeddable":true,"href":"https:\/\/informeagropecuario.com.ar\/index.php?rest_route=\/wp\/v2\/users\/1"}],"replies":[{"embeddable":true,"href":"https:\/\/informeagropecuario.com.ar\/index.php?rest_route=%2Fwp%2Fv2%2Fcomments&post=23906"}],"version-history":[{"count":1,"href":"https:\/\/informeagropecuario.com.ar\/index.php?rest_route=\/wp\/v2\/posts\/23906\/revisions"}],"predecessor-version":[{"id":23908,"href":"https:\/\/informeagropecuario.com.ar\/index.php?rest_route=\/wp\/v2\/posts\/23906\/revisions\/23908"}],"wp:featuredmedia":[{"embeddable":true,"href":"https:\/\/informeagropecuario.com.ar\/index.php?rest_route=\/wp\/v2\/media\/23907"}],"wp:attachment":[{"href":"https:\/\/informeagropecuario.com.ar\/index.php?rest_route=%2Fwp%2Fv2%2Fmedia&parent=23906"}],"wp:term":[{"taxonomy":"category","embeddable":true,"href":"https:\/\/informeagropecuario.com.ar\/index.php?rest_route=%2Fwp%2Fv2%2Fcategories&post=23906"},{"taxonomy":"post_tag","embeddable":true,"href":"https:\/\/informeagropecuario.com.ar\/index.php?rest_route=%2Fwp%2Fv2%2Ftags&post=23906"}],"curies":[{"name":"wp","href":"https:\/\/api.w.org\/{rel}","templated":true}]}}