{"id":23909,"date":"2024-02-27T20:03:51","date_gmt":"2024-02-27T23:03:51","guid":{"rendered":"http:\/\/informeagropecuario.com.ar\/?p=23909"},"modified":"2024-02-27T20:03:51","modified_gmt":"2024-02-27T23:03:51","slug":"dolar-exportador-se-reactivaron-las-ventas-de-soja-2023-24-luego-de-una-sequia-dramatica-de-operaciones","status":"publish","type":"post","link":"https:\/\/informeagropecuario.com.ar\/?p=23909","title":{"rendered":"\u201cD\u00f3lar exportador\u201d se reactivaron las ventas de soja 2023\/24 luego de una sequ\u00eda dram\u00e1tica de operaciones"},"content":{"rendered":"<p>La publicaci\u00f3n diaria del indicador de \u201cd\u00f3lar exportador\u201d realizada por la Bolsa de Cereales de Buenos Aires reactiv\u00f3 la comercializaci\u00f3n de soja 2023\/24 luego de una ca\u00edda dram\u00e1tica de las cotizaciones.<!--more--><\/p>\n<p>Este martes la Secretar\u00eda de Agricultura inform\u00f3 que entre el 15 y el 21 del presente mes de febrero se realizaron forwards de soja 2023\/24 por 682.900 tonelada, la cifra semanal m\u00e1s elevada en lo que va de 2024.<\/p>\n<p><a href=\"https:\/\/bichosdecampo.com\/gracias-a-la-publicacion-del-dolar-exportador-se-reactivaron-las-ventas-de-soja-2023-24-luego-de-una-sequia-dramatica-de-operaciones\/ventassoja-7\/\" rel=\"attachment wp-att-170142\"><img fetchpriority=\"high\" decoding=\"async\" class=\"alignnone size-full wp-image-170142\" src=\"https:\/\/bichosdecampo.com\/wp-content\/uploads\/2024\/02\/VentasSoja.png\" sizes=\"(max-width: 771px) 100vw, 771px\" srcset=\"https:\/\/bichosdecampo.com\/wp-content\/uploads\/2024\/02\/VentasSoja.png 771w, https:\/\/bichosdecampo.com\/wp-content\/uploads\/2024\/02\/VentasSoja-768x497.png 768w\" alt=\"\" width=\"771\" height=\"499\" data-pin-no-hover=\"true\" \/><\/a><\/p>\n<p>La falta de incentivos cambiarios, junto con una ca\u00edda abrupta del valor internacional de la soja, estaba comenzando a \u201csecar\u201d la plaza de operaciones de venta anticipadas de soja 2023\/24, que comenzar\u00e1 a cosecharse en el pr\u00f3ximo mes de marzo.<\/p>\n<p>Para solucionar el inconveniente cambiario, el 7 de febrero\u00a0se instrument\u00f3 la herramienta del \u201cd\u00f3lar exportador\u201d, la cual posteriormente fue\u00a0validado\u00a0por las restantes Bolsa de Comercio y Cereales de las diferentes regiones productivas argentinas.<\/p>\n<p>El \u201cd\u00f3lar exportador\u201d est\u00e1 integrado en un 80% por el tipo de cambio oficial Banco Naci\u00f3n (BNA) y el 20% restante con el tipo de cambio \u201ccontado con liquidaci\u00f3n\u201d (CCL).<\/p>\n<p>Este martes el \u201cd\u00f3lar exportador\u201d cerr\u00f3 en 886,5 $\/u$s, mientras que el BNA comprador fue determinado en 838,1 $\/u$s, al tiempo que el \u201ccontado con liquidaci\u00f3n\u201d finaliz\u00f3 la jornada con un precio de 1089 $\/u$s.<\/p>\n<p>Si bien se reactiv\u00f3 la comercializaci\u00f3n de soja 2023\/24 en la tercera semana del presente mes de febrero, la misma, en t\u00e9rminos hist\u00f3ricos, sigue siendo muy baja con una cosecha esperada de 52,5 millones de toneladas seg\u00fan la Bolsa de Cereales de Buenos Aires y de 49,5 millones seg\u00fan la Bolsa de Comercio de Rosario.<\/p>\n<p>Al 21 de febrero pasado se hab\u00edan comercializado 6,35 millones de toneladas de soja 2023\/24, de las cuales 5,61 millones ten\u00edan precio abierto en el marco de operaciones \u201ca fijar\u201d.<\/p>\n","protected":false},"excerpt":{"rendered":"<p>La publicaci\u00f3n diaria del indicador de \u201cd\u00f3lar exportador\u201d realizada por la Bolsa de Cereales de<\/p>\n","protected":false},"author":1,"featured_media":23910,"comment_status":"open","ping_status":"open","sticky":false,"template":"","format":"standard","meta":{"footnotes":""},"categories":[20],"tags":[],"class_list":["post-23909","post","type-post","status-publish","format-standard","has-post-thumbnail","hentry","category-actualidad"],"_links":{"self":[{"href":"https:\/\/informeagropecuario.com.ar\/index.php?rest_route=\/wp\/v2\/posts\/23909","targetHints":{"allow":["GET"]}}],"collection":[{"href":"https:\/\/informeagropecuario.com.ar\/index.php?rest_route=\/wp\/v2\/posts"}],"about":[{"href":"https:\/\/informeagropecuario.com.ar\/index.php?rest_route=\/wp\/v2\/types\/post"}],"author":[{"embeddable":true,"href":"https:\/\/informeagropecuario.com.ar\/index.php?rest_route=\/wp\/v2\/users\/1"}],"replies":[{"embeddable":true,"href":"https:\/\/informeagropecuario.com.ar\/index.php?rest_route=%2Fwp%2Fv2%2Fcomments&post=23909"}],"version-history":[{"count":1,"href":"https:\/\/informeagropecuario.com.ar\/index.php?rest_route=\/wp\/v2\/posts\/23909\/revisions"}],"predecessor-version":[{"id":23911,"href":"https:\/\/informeagropecuario.com.ar\/index.php?rest_route=\/wp\/v2\/posts\/23909\/revisions\/23911"}],"wp:featuredmedia":[{"embeddable":true,"href":"https:\/\/informeagropecuario.com.ar\/index.php?rest_route=\/wp\/v2\/media\/23910"}],"wp:attachment":[{"href":"https:\/\/informeagropecuario.com.ar\/index.php?rest_route=%2Fwp%2Fv2%2Fmedia&parent=23909"}],"wp:term":[{"taxonomy":"category","embeddable":true,"href":"https:\/\/informeagropecuario.com.ar\/index.php?rest_route=%2Fwp%2Fv2%2Fcategories&post=23909"},{"taxonomy":"post_tag","embeddable":true,"href":"https:\/\/informeagropecuario.com.ar\/index.php?rest_route=%2Fwp%2Fv2%2Ftags&post=23909"}],"curies":[{"name":"wp","href":"https:\/\/api.w.org\/{rel}","templated":true}]}}