{"id":23915,"date":"2024-02-28T19:14:48","date_gmt":"2024-02-28T22:14:48","guid":{"rendered":"http:\/\/informeagropecuario.com.ar\/?p=23915"},"modified":"2024-02-28T19:14:48","modified_gmt":"2024-02-28T22:14:48","slug":"kicillof-encabezo-el-acto-de-asuncion-de-jimena-lopez-como-presidenta-de-puerto-quequen","status":"publish","type":"post","link":"https:\/\/informeagropecuario.com.ar\/?p=23915","title":{"rendered":"Kicillof encabez\u00f3 el acto de asunci\u00f3n de Jimena L\u00f3pez como presidenta de Puerto Quequ\u00e9n"},"content":{"rendered":"<p class=\"description separatorlines\">El gobernador de la provincia de Buenos Aires, Axel Kicillof, encabez\u00f3 este mi\u00e9rcoles el acto de asunci\u00f3n formal de Jimena L\u00f3pez como presidenta del Consorcio de Gesti\u00f3n del Puerto de Quequ\u00e9n. Fue junto al ministro de Producci\u00f3n, Ciencia e Innovaci\u00f3n Tecnol\u00f3gica, Augusto Costa, y el intendente de Necochea, Arturo Rojas.<!--more--><\/p>\n<p>En ese marco, Kicillof destac\u00f3 que \u00abdesde el primer d\u00eda hemos marcado la importancia que tienen nuestros puertos: somos una provincia de producci\u00f3n y trabajo, con muchas necesidades y, al mismo tiempo, con un potencial de desarrollo enorme\u00bb. \u00abTrabajamos para alcanzar una mayor planificaci\u00f3n e integrar todo el sistema portuario, con el objetivo de diversificar la producci\u00f3n, agregar valor y crear empleo\u00bb, a\u00f1adi\u00f3.<\/p>\n<p>\u00abA pesar de la enorme incertidumbre que generan las pol\u00edticas que est\u00e1 aplicando el Gobierno nacional, hay un horizonte de oportunidades muy importante para el puerto de Quequ\u00e9n\u00bb, sostuvo el Gobernador, al tiempo que se\u00f1al\u00f3 que \u00aben tiempos de mayor adversidad, tenemos que estar m\u00e1s unidos que nunca para apuntar al sistema productivo bonaerense\u00bb.<\/p>\n<figure class=\"vsmimage\" contenteditable=\"false\"><img fetchpriority=\"high\" decoding=\"async\" id=\"imgv58017v20\" src=\"https:\/\/www.zonanortehoy.com\/files\/image\/127\/127814\/65dfa429828f5_715_472!.webp?s=77edeff664167ba9a46a6cf6295a5705&amp;d=1709155371&amp;oe=jpg\" alt=\"Kicillof encabez\u00f3 el acto de asunci\u00f3n de Jimena L\u00f3pez como presidenta de Puerto Quequ\u00e9n\" width=\"715\" height=\"472\" data-vsmid=\"127814\" data-owidth=\"1500\" data-oheight=\"1000\" \/><\/figure>\n<p>Jimena L\u00f3pez es la primera mujer en presidir el directorio de Puerto Quequ\u00e9n. Se trata de un \u00e1mbito fundamental para la actividad de la regi\u00f3n, que durante los \u00faltimos cuatro a\u00f1os ha movilizado un promedio anual de 6,7 millones de toneladas de cereales, fertilizantes, aceites vegetales, grasas animales y combustibles l\u00edquidos, entre otros bienes.<\/p>\n<p>&nbsp;<\/p>\n","protected":false},"excerpt":{"rendered":"<p>El gobernador de la provincia de Buenos Aires, Axel Kicillof, encabez\u00f3 este mi\u00e9rcoles el acto<\/p>\n","protected":false},"author":1,"featured_media":23916,"comment_status":"open","ping_status":"open","sticky":false,"template":"","format":"standard","meta":{"footnotes":""},"categories":[20],"tags":[],"class_list":["post-23915","post","type-post","status-publish","format-standard","has-post-thumbnail","hentry","category-actualidad"],"_links":{"self":[{"href":"https:\/\/informeagropecuario.com.ar\/index.php?rest_route=\/wp\/v2\/posts\/23915","targetHints":{"allow":["GET"]}}],"collection":[{"href":"https:\/\/informeagropecuario.com.ar\/index.php?rest_route=\/wp\/v2\/posts"}],"about":[{"href":"https:\/\/informeagropecuario.com.ar\/index.php?rest_route=\/wp\/v2\/types\/post"}],"author":[{"embeddable":true,"href":"https:\/\/informeagropecuario.com.ar\/index.php?rest_route=\/wp\/v2\/users\/1"}],"replies":[{"embeddable":true,"href":"https:\/\/informeagropecuario.com.ar\/index.php?rest_route=%2Fwp%2Fv2%2Fcomments&post=23915"}],"version-history":[{"count":1,"href":"https:\/\/informeagropecuario.com.ar\/index.php?rest_route=\/wp\/v2\/posts\/23915\/revisions"}],"predecessor-version":[{"id":23917,"href":"https:\/\/informeagropecuario.com.ar\/index.php?rest_route=\/wp\/v2\/posts\/23915\/revisions\/23917"}],"wp:featuredmedia":[{"embeddable":true,"href":"https:\/\/informeagropecuario.com.ar\/index.php?rest_route=\/wp\/v2\/media\/23916"}],"wp:attachment":[{"href":"https:\/\/informeagropecuario.com.ar\/index.php?rest_route=%2Fwp%2Fv2%2Fmedia&parent=23915"}],"wp:term":[{"taxonomy":"category","embeddable":true,"href":"https:\/\/informeagropecuario.com.ar\/index.php?rest_route=%2Fwp%2Fv2%2Fcategories&post=23915"},{"taxonomy":"post_tag","embeddable":true,"href":"https:\/\/informeagropecuario.com.ar\/index.php?rest_route=%2Fwp%2Fv2%2Ftags&post=23915"}],"curies":[{"name":"wp","href":"https:\/\/api.w.org\/{rel}","templated":true}]}}