{"id":23925,"date":"2024-03-01T19:02:30","date_gmt":"2024-03-01T22:02:30","guid":{"rendered":"http:\/\/informeagropecuario.com.ar\/?p=23925"},"modified":"2024-03-01T19:04:22","modified_gmt":"2024-03-01T22:04:22","slug":"puerto-quequen-concejales-tuvieron-su-primera-reunion-institucional-con-jimena-lopez","status":"publish","type":"post","link":"https:\/\/informeagropecuario.com.ar\/?p=23925","title":{"rendered":"Puerto Quequ\u00e9n: Concejales tuvieron su primera reuni\u00f3n institucional con Jimena L\u00f3pez"},"content":{"rendered":"<p class=\"fparrafo ctext fz18 lh25\">Representantes del Concejo Deliberante de Necochea realizaron una visita al Puerto de Quequ\u00e9n, fortaleciendo la relaci\u00f3n entre ambas instituciones y comprometi\u00e9ndose a abordar desaf\u00edos comunes. Fue su primera visita desde que asumi\u00f3 Jimena L\u00f3pez la presidencia.<!--more--><\/p>\n<p class=\"selectionShareable\">La reuni\u00f3n cont\u00f3 con la presencia del Presidente del HCD, Guillermo S\u00e1nchez, junto a una destacada lista de concejales representando a diversas fuerzas pol\u00edticas locales. Entre ellos se encontraban Bernardo Amilcar, Bartolom\u00e9 Zubillaga, Marcela Garc\u00eda, Gabriela Espinosa, Ruth Kalle (Nueva Necochea); Mauro Vel\u00e1zquez (UxP); Alejandro Bidegain, Gonzalo Diez, Rodrigo Irigoyen (UCR); Mariela Maceiro (CV); Juli\u00e1n Kristiansen, Evangelina Almada (UxPPJ).<\/p>\n<p class=\"selectionShareable\"><strong>El objetivo primordial de esta hist\u00f3rica reuni\u00f3n fue establecer un marco de di\u00e1logo entre el Concejo Deliberante y el Consorcio de Gesti\u00f3n del Puerto Quequ\u00e9n, con el fin de abordar y avanzar en temas de inter\u00e9s com\u00fan para ambas instituciones. Este compromiso mutuo\u00a0 representa, seg\u00fan expres\u00f3 el HCD en una gacetilla, un paso hacia una colaboraci\u00f3n m\u00e1s estrecha y efectiva en beneficio de la comunidad.<\/strong><\/p>\n<p><img fetchpriority=\"high\" decoding=\"async\" class=\"alignnone  wp-image-23930\" src=\"https:\/\/informeagropecuario.com.ar\/wp-content\/uploads\/2024\/03\/jime-1-300x201.jpg\" alt=\"\" width=\"431\" height=\"289\" srcset=\"https:\/\/informeagropecuario.com.ar\/wp-content\/uploads\/2024\/03\/jime-1-300x201.jpg 300w, https:\/\/informeagropecuario.com.ar\/wp-content\/uploads\/2024\/03\/jime-1.jpg 730w\" sizes=\"(max-width: 431px) 100vw, 431px\" \/><\/p>\n<p class=\"selectionShareable\"><strong>Como parte de la jornada, los concejales y la presidenta del Consorcio llevaron a cabo una visita guiada por los muelles del puerto<\/strong>, donde pudieron observar de primera mano el funcionamiento operativo y la rica historia detr\u00e1s de este importante activo de la regi\u00f3n. Esta experiencia proporcion\u00f3 un contexto invaluable para el di\u00e1logo posterior y fortaleci\u00f3 los lazos entre ambas entidades.<\/p>\n<p class=\"selectionShareable\">El encuentro culmin\u00f3 con el compromiso renovado de trabajar en conjunto para promover el desarrollo econ\u00f3mico, social y ambientalmente sostenible de la regi\u00f3n, destacando la importancia de la colaboraci\u00f3n interinstitucional para alcanzar estos objetivos compartidos.\u00a0<strong>Sin duda, este primer paso sienta las bases para futuras colaboraciones fruct\u00edferas entre el HCD y el Puerto de Quequ\u00e9n.<\/strong><\/p>\n","protected":false},"excerpt":{"rendered":"<p>Representantes del Concejo Deliberante de Necochea realizaron una visita al Puerto de Quequ\u00e9n, fortaleciendo la<\/p>\n","protected":false},"author":1,"featured_media":23926,"comment_status":"open","ping_status":"open","sticky":false,"template":"","format":"standard","meta":{"footnotes":""},"categories":[20],"tags":[],"class_list":["post-23925","post","type-post","status-publish","format-standard","has-post-thumbnail","hentry","category-actualidad"],"_links":{"self":[{"href":"https:\/\/informeagropecuario.com.ar\/index.php?rest_route=\/wp\/v2\/posts\/23925","targetHints":{"allow":["GET"]}}],"collection":[{"href":"https:\/\/informeagropecuario.com.ar\/index.php?rest_route=\/wp\/v2\/posts"}],"about":[{"href":"https:\/\/informeagropecuario.com.ar\/index.php?rest_route=\/wp\/v2\/types\/post"}],"author":[{"embeddable":true,"href":"https:\/\/informeagropecuario.com.ar\/index.php?rest_route=\/wp\/v2\/users\/1"}],"replies":[{"embeddable":true,"href":"https:\/\/informeagropecuario.com.ar\/index.php?rest_route=%2Fwp%2Fv2%2Fcomments&post=23925"}],"version-history":[{"count":3,"href":"https:\/\/informeagropecuario.com.ar\/index.php?rest_route=\/wp\/v2\/posts\/23925\/revisions"}],"predecessor-version":[{"id":23931,"href":"https:\/\/informeagropecuario.com.ar\/index.php?rest_route=\/wp\/v2\/posts\/23925\/revisions\/23931"}],"wp:featuredmedia":[{"embeddable":true,"href":"https:\/\/informeagropecuario.com.ar\/index.php?rest_route=\/wp\/v2\/media\/23926"}],"wp:attachment":[{"href":"https:\/\/informeagropecuario.com.ar\/index.php?rest_route=%2Fwp%2Fv2%2Fmedia&parent=23925"}],"wp:term":[{"taxonomy":"category","embeddable":true,"href":"https:\/\/informeagropecuario.com.ar\/index.php?rest_route=%2Fwp%2Fv2%2Fcategories&post=23925"},{"taxonomy":"post_tag","embeddable":true,"href":"https:\/\/informeagropecuario.com.ar\/index.php?rest_route=%2Fwp%2Fv2%2Ftags&post=23925"}],"curies":[{"name":"wp","href":"https:\/\/api.w.org\/{rel}","templated":true}]}}