{"id":23935,"date":"2024-03-02T11:30:13","date_gmt":"2024-03-02T14:30:13","guid":{"rendered":"http:\/\/informeagropecuario.com.ar\/?p=23935"},"modified":"2024-03-02T11:30:13","modified_gmt":"2024-03-02T14:30:13","slug":"federacion-agraria-cuestiono-las-formas-de-la-convocatoria-al-25-de-mayo","status":"publish","type":"post","link":"https:\/\/informeagropecuario.com.ar\/?p=23935","title":{"rendered":"Federaci\u00f3n Agraria cuestion\u00f3 las formas de la convocatoria al 25 de Mayo"},"content":{"rendered":"<p class=\"description mainfont\">El presidente de la entidad Carlos Achetoni. critic\u00f3 que se convoque a construir consenso con la agenda y los temas definidos , que s\u00f3lo se haya llamado a la pol\u00edtica y que no se incluya a la sociedad civil y las fuerzas productivas, que son quienes pondr\u00e1n la fuerza y el trabajo para salir adelante.<!--more--><\/p>\n<div id=\"element-body\">\n<p>El presidente de la Federaci\u00f3n Agraria Argentina, Carlos Achetoni,\u00a0 dio a conocer su opini\u00f3n sobre el discurso del presidente en el que destac\u00f3 que nuevamente detall\u00f3 las caracter\u00edsticas de la crisis que atraviesa el pa\u00eds, hizo foco en los hechos de corrupci\u00f3n y en los problemas de la pol\u00edtica;.<\/p>\n<p>\u00bb Sin dudas son cuestiones importantes, aunque quiz\u00e1 hubiera sido deseable que precisara tambi\u00e9n qu\u00e9 medidas se tomar\u00e1n para potenciar y fortalecer a las fuerzas productivas.<\/p>\n<p>\u00bb Es interesante el llamado al Pacto de Mayo. Aunque no se entiende que se convoque a construir consenso con la agenda y los temas definidos, porque parece que eso es m\u00e1s un pedido de apoyo que un llamado a consensuar o construir en conjunto.\u00bb<\/p>\n<p>\u00bb Tambi\u00e9n resuena que se convoque solo a la pol\u00edtica, ya que seg\u00fan \u00e9l son a quienes sindica como responsables de la debacle del pa\u00eds. Desde hace tiempo digo que se necesitar\u00eda un llamado amplio, que incluya a la sociedad civil y las fuerzas productivas, que son quienes pondr\u00e1n la fuerza y el trabajo para salir adelante\u00bb.<\/p>\n<\/div>\n","protected":false},"excerpt":{"rendered":"<p>El presidente de la entidad Carlos Achetoni. critic\u00f3 que se convoque a construir consenso con<\/p>\n","protected":false},"author":1,"featured_media":23936,"comment_status":"open","ping_status":"open","sticky":false,"template":"","format":"standard","meta":{"footnotes":""},"categories":[20],"tags":[],"class_list":["post-23935","post","type-post","status-publish","format-standard","has-post-thumbnail","hentry","category-actualidad"],"_links":{"self":[{"href":"https:\/\/informeagropecuario.com.ar\/index.php?rest_route=\/wp\/v2\/posts\/23935","targetHints":{"allow":["GET"]}}],"collection":[{"href":"https:\/\/informeagropecuario.com.ar\/index.php?rest_route=\/wp\/v2\/posts"}],"about":[{"href":"https:\/\/informeagropecuario.com.ar\/index.php?rest_route=\/wp\/v2\/types\/post"}],"author":[{"embeddable":true,"href":"https:\/\/informeagropecuario.com.ar\/index.php?rest_route=\/wp\/v2\/users\/1"}],"replies":[{"embeddable":true,"href":"https:\/\/informeagropecuario.com.ar\/index.php?rest_route=%2Fwp%2Fv2%2Fcomments&post=23935"}],"version-history":[{"count":1,"href":"https:\/\/informeagropecuario.com.ar\/index.php?rest_route=\/wp\/v2\/posts\/23935\/revisions"}],"predecessor-version":[{"id":23937,"href":"https:\/\/informeagropecuario.com.ar\/index.php?rest_route=\/wp\/v2\/posts\/23935\/revisions\/23937"}],"wp:featuredmedia":[{"embeddable":true,"href":"https:\/\/informeagropecuario.com.ar\/index.php?rest_route=\/wp\/v2\/media\/23936"}],"wp:attachment":[{"href":"https:\/\/informeagropecuario.com.ar\/index.php?rest_route=%2Fwp%2Fv2%2Fmedia&parent=23935"}],"wp:term":[{"taxonomy":"category","embeddable":true,"href":"https:\/\/informeagropecuario.com.ar\/index.php?rest_route=%2Fwp%2Fv2%2Fcategories&post=23935"},{"taxonomy":"post_tag","embeddable":true,"href":"https:\/\/informeagropecuario.com.ar\/index.php?rest_route=%2Fwp%2Fv2%2Ftags&post=23935"}],"curies":[{"name":"wp","href":"https:\/\/api.w.org\/{rel}","templated":true}]}}