{"id":23938,"date":"2024-03-02T11:36:24","date_gmt":"2024-03-02T14:36:24","guid":{"rendered":"http:\/\/informeagropecuario.com.ar\/?p=23938"},"modified":"2024-03-02T11:36:24","modified_gmt":"2024-03-02T14:36:24","slug":"ley-anticasta-pacto-de-mayo-y-discurso-de-milei-en-el-congreso-las-politicas-que-alcanzan-al-agro-y-la-reaccion-del-sector","status":"publish","type":"post","link":"https:\/\/informeagropecuario.com.ar\/?p=23938","title":{"rendered":"Ley \u00abanticasta\u00bb, Pacto de Mayo y discurso de Milei en el Congreso: las pol\u00edticas que alcanzan al agro y la reacci\u00f3n del sector"},"content":{"rendered":"<p>El Presidente describi\u00f3 a los \u00faltimos 20 a\u00f1os del pa\u00eds como \u201cuna org\u00eda de gasto p\u00fablico\u201d<!--more--><\/p>\n<div id=\"body-1\" class=\"body-1 mt-20\">\n<p>El\u00a0presidente JavierMilei\u00a0anunci\u00f3 que enviar\u00e1 al Congreso un paquete de\u00a0<strong>leyes \u201canticasta\u201d<\/strong>\u00a0y convoc\u00f3 a firmar un acuerdo de 10 pol\u00edticas fundacionales\u00a0<strong>llamado \u201cPacto del 25 de Mayo\u201d<\/strong>, al inaugurar el 142 per\u00edodo de sesiones ordinarias, donde defini\u00f3 al Estado como \u201cuna organizaci\u00f3n criminal\u201d y describi\u00f3 a los \u00faltimos 20 a\u00f1os del pa\u00eds como \u201cuna org\u00eda de gasto p\u00fablico\u201d que dej\u00f3 como resultado \u201c<strong>la peor herencia que ning\u00fan gobierno haya recibido jam\u00e1s\u201d.<\/strong><\/p>\n<h2>Javier Milei en el Congreso: el Pacto de Mayo<\/h2>\n<p>Al cumplirse 82 d\u00edas de haber asumido el poder, Milei asegur\u00f3 que\u00a0<strong>\u201cla confrontaci\u00f3n no es el camino que queremos\u201d<\/strong>\u00a0y en este marco convoc\u00f3 a las 23 provincias y la Ciudad de Buenos Aires a la firma de un acuerdo de diez puntos para \u201cla reconstrucci\u00f3n de las bases de la Argentina\u201d. Pidi\u00f3 \u201cpaciencia y confianza\u201d a los argentinos para poder percibir<strong>\u00a0\u201cel fruto de las reformas que estamos implementando\u201d<\/strong>, y advirti\u00f3 a la oposici\u00f3n que \u201csi lo que buscan es el conflicto, conflicto tendr\u00e1n\u201d.<\/p>\n<h4>Los 10 puntos son los siguientes:<\/h4>\n<ul>\n<li>La inviabilidad de la propiedad privada<\/li>\n<li>El equilibrio fiscal innegociable<\/li>\n<li>La reducci\u00f3n del gasto p\u00fablico a niveles hist\u00f3ricos, en torno al 25% del Producto Bruto Interno<\/li>\n<li>Una reforma tributaria que reduzca la presi\u00f3n impositiva, simplifique la vida de los argentinos y promueva el comercio<\/li>\n<li>La rediscuci\u00f3n de la coparticipaci\u00f3n federal de impuestos para terminar para siempre con el modelo extorsivo actual<\/li>\n<li>Un compromiso de las provincias de avanzar en la explitaci\u00f3n de los recursos naturales del pa\u00eds<\/li>\n<li>Una reforma laboral modera que promueva el trabajo formal<\/li>\n<li>Una reforma previsional que le de sustentabilidad al sistema, respete a quienes aportan, y permita, a quienes prefieran, suscribirse a un sistema privado de jubilaci\u00f3n<\/li>\n<li>Una reforma pol\u00edtica estructura, que modifique el sistema actual y vuelva a alinear los intereses de los representantes y representados<\/li>\n<li>La apertura del comercio internacional, de manera que la Argentina vuelva a ser una protagonista del mercado global<\/li>\n<\/ul>\n<p>La\u00a0<strong>primera reacci\u00f3n del agro fue de CIARA y CEC<\/strong>\u00a0(C\u00e1mara de la Industria Aceitera de la Rep\u00fablica Argentina y Centro Exportador de Cereales): \u00abGue contundente, claro y preciso en el camino a transitar para salir de esta profunda crisis econ\u00f3mica y social. Alentamos a los gobernadores a sumarse al Pacto de Mayo que debe sentar las bases del desarrollo sostenible que necesita nuestra pa\u00eds con un comercio exterior con valor agregado que sea la clave del crecimiento\u00bb.<\/p>\n<p><strong>El Consejo Agroindustrial Argentino (CAA) destac\u00f3 la convocatoria de Milei al \u201cPacto de Mayo\u201d<\/strong>: \u00abInstamos a las fuerzas pol\u00edticas, gobiernos provinciales, legisladores y entidades gremiales empresariales y de trabajadores, a trabajar para lograr que &#8216;el Mayo Cordob\u00e9s&#8217; sea el punto de partida de una nueva Argentina que atraiga inversiones, genere empleo de calidad y pueda salir al mundo con productos con agregado de valor\u00bb.<\/p>\n<\/div>\n<div id=\"body-2\">\n<div id=\"body-2\" class=\"body-2 mt-20\"><\/div>\n<\/div>\n<div id=\"body-3\">\n<div id=\"body-3\" class=\"body-3 mt-20\">\n<p>&nbsp;<\/p>\n<\/div>\n<\/div>\n","protected":false},"excerpt":{"rendered":"<p>El Presidente describi\u00f3 a los \u00faltimos 20 a\u00f1os del pa\u00eds como \u201cuna org\u00eda de gasto<\/p>\n","protected":false},"author":1,"featured_media":23939,"comment_status":"open","ping_status":"open","sticky":false,"template":"","format":"standard","meta":{"footnotes":""},"categories":[20],"tags":[],"class_list":["post-23938","post","type-post","status-publish","format-standard","has-post-thumbnail","hentry","category-actualidad"],"_links":{"self":[{"href":"https:\/\/informeagropecuario.com.ar\/index.php?rest_route=\/wp\/v2\/posts\/23938","targetHints":{"allow":["GET"]}}],"collection":[{"href":"https:\/\/informeagropecuario.com.ar\/index.php?rest_route=\/wp\/v2\/posts"}],"about":[{"href":"https:\/\/informeagropecuario.com.ar\/index.php?rest_route=\/wp\/v2\/types\/post"}],"author":[{"embeddable":true,"href":"https:\/\/informeagropecuario.com.ar\/index.php?rest_route=\/wp\/v2\/users\/1"}],"replies":[{"embeddable":true,"href":"https:\/\/informeagropecuario.com.ar\/index.php?rest_route=%2Fwp%2Fv2%2Fcomments&post=23938"}],"version-history":[{"count":1,"href":"https:\/\/informeagropecuario.com.ar\/index.php?rest_route=\/wp\/v2\/posts\/23938\/revisions"}],"predecessor-version":[{"id":23940,"href":"https:\/\/informeagropecuario.com.ar\/index.php?rest_route=\/wp\/v2\/posts\/23938\/revisions\/23940"}],"wp:featuredmedia":[{"embeddable":true,"href":"https:\/\/informeagropecuario.com.ar\/index.php?rest_route=\/wp\/v2\/media\/23939"}],"wp:attachment":[{"href":"https:\/\/informeagropecuario.com.ar\/index.php?rest_route=%2Fwp%2Fv2%2Fmedia&parent=23938"}],"wp:term":[{"taxonomy":"category","embeddable":true,"href":"https:\/\/informeagropecuario.com.ar\/index.php?rest_route=%2Fwp%2Fv2%2Fcategories&post=23938"},{"taxonomy":"post_tag","embeddable":true,"href":"https:\/\/informeagropecuario.com.ar\/index.php?rest_route=%2Fwp%2Fv2%2Ftags&post=23938"}],"curies":[{"name":"wp","href":"https:\/\/api.w.org\/{rel}","templated":true}]}}