{"id":23941,"date":"2024-03-02T11:54:44","date_gmt":"2024-03-02T14:54:44","guid":{"rendered":"http:\/\/informeagropecuario.com.ar\/?p=23941"},"modified":"2024-03-02T11:54:44","modified_gmt":"2024-03-02T14:54:44","slug":"en-el-campo-por-ahora-celebran-la-convocatoria-de-milei-a-un-nuevo-pacto-pero-con-prevenciones-hasta-saber-que-implica-realmente-esa-negociacion","status":"publish","type":"post","link":"https:\/\/informeagropecuario.com.ar\/?p=23941","title":{"rendered":"En el campo por ahora celebran la convocatoria de Milei a un nuevo pacto, pero con prevenciones hasta saber qu\u00e9 implica realmente esa negociaci\u00f3n"},"content":{"rendered":"<p>Frente al discurso y la convocatoria lanzada por el presidente Javier Milei en la apertura de las sesiones ordinarias en el Congreso, para firmar un pacto refundacional de la Argentina el 25 de mayo en C\u00f3rdoba, todos los actores del vasto mundo agropecuario se est\u00e1n haciendo la misma pregunta: \u00bfSer\u00e1 el acuerdo pol\u00edtico que siempre so\u00f1amos y reclamamos o una nueva trampa y decepci\u00f3n?<!--more--><\/p>\n<p>El por qu\u00e9 de estas dudas est\u00e1 m\u00e1s que claro: frente a la asamblea legislativa el Presidente convoc\u00f3 a los gobernadores y legisladores a firmar un acuerdo Base dentro de dos meses en C\u00f3rdoba, pero condicionado a la aprobaci\u00f3n de la Ley Bases, que es la ley \u00f3mnibus de quichicientos art\u00edculos -muchos de ellos vinculados directamente a las actividades agropecuarias- que ya fracas\u00f3 en su discusi\u00f3n en particular en el Congreso.<\/p>\n<p>\u00bfQu\u00e9 versi\u00f3n de la ley es la que Milei quiere que se apruebe como condici\u00f3n a este nuevo pacto de Mayo? \u00bfLa original o la que se comenz\u00f3 a votar en el Congreso y se retir\u00f3? \u00bfContendr\u00e1 el cap\u00edtulo fiscal que hab\u00eda provocado tanta discusi\u00f3n y que el ministro Luis Caputo hab\u00eda retirado previamente?<\/p>\n<p>De c\u00f3mo sea la nueva ley de Bases depender\u00e1n muchas cosas importante para el sector. Por ejemplo, en la versi\u00f3n original se inclu\u00eda la suba de retenciones a todos los cereales y las carnes al 15% y la eliminaci\u00f3n del diferencial hist\u00f3rico de retenciones a la soja, para unificar las al\u00edcuotas en el m\u00e1ximo de 33%. En la versi\u00f3n original tambi\u00e9n hab\u00eda un cap\u00edtulo que entregaba servido el negocio de los biocombustibles a las petroleras y las grandes cerealeras. Y all\u00ed se inclu\u00eda la adhesi\u00f3n argentina a la UPOV 91, lo que supone todo un triunfo para la industria semillera multinacional que clama por sus derechos a imponer regal\u00edas en ese insumo.<\/p>\n<p>Esta duda todav\u00eda no ha sido develada. Y es la piedra en el zapato para que la convocatoria de Milei sea tomada con precauci\u00f3n por muchos sectores, empezando por las entidades tradicionales de la Mesa de Enlace. De all\u00ed solo se conoci\u00f3 reacciones aisladas, que tomaron m\u00e1s la convocatoria presidencial como una oportunidad que otra cosa.<\/p>\n<p>\u201cSiempre un pacto social es importante para el crecimiento del pa\u00eds. Es una instancia para apostar a la producci\u00f3n y al empleo, los argentinos podemos entre todos\u201d, dijo el titular de <strong>Coninagro, Elbio Laucirica.<\/strong><\/p>\n<p>\u201cCreemos que todos los argentinos tenemos una nueva oportunidad. El llamado al di\u00e1logo a trav\u00e9s del Pacto de Mayo y la definici\u00f3n de los 10 puntos establecidos, son la base que todos debemos apoyar. Asimismo estamos convencidos de que este congreso, puede generar un rumbo bien definido a trav\u00e9s del debate de leyes que han quedado en la agenda parlamentaria del sector: Ley de semillas, de carnes, la de biocombustibles, entre otras. Los productores estamos para aportar al debate\u201d, complet\u00f3 Nicol\u00e1s Pino, de la Sociedad Rural Argentina, cuid\u00e1ndose de mencionar la discusi\u00f3n pendiente sobre retenciones.<\/p>\n<p><strong>Carlos Achetoni<\/strong>, el titular de la Federaci\u00f3n Agraria, se mostr\u00f3 cauto en sus declaraciones y plante\u00f3 las dudas que sobrevuelan en el ambiente. \u201cEs interesante el llamado al Pacto de Mayo, aunque no se entiende que se convoque a construir consenso con la agenda y los temas definidos, porque parece que eso es m\u00e1s un pedido de apoyo que un llamado a consensuar o construir en conjunto\u201d, indic\u00f3.<\/p>\n<p>Como bloque, la <strong>Mesa de Enlace<\/strong> prefiri\u00f3 mantener un preventivo silencio: mejor esperar hasta conocer las verdaderas intenciones del gobierno antes de pronunciar una opini\u00f3n definitiva sobre esta convocatoria.<\/p>\n<p>&nbsp;<\/p>\n<p>En cambio, y pese a que se ha opuesto tenazmente a la unificaci\u00f3n de las retenciones en la cadena sojera, llam\u00f3 la atenci\u00f3n la premura con que se expidi\u00f3 la<strong> C\u00e1mara de la Industria Aceitera y el Centro de Exportadores de Cereales (Ciara-CEC<\/strong>), que agrupa a las grandes exportadoras agr\u00edcolas.<\/p>\n<p>Esa entidad, que explica 40% de las exportaciones totales, opin\u00f3 que el discurso de Milei \u201cfue contundente, claro y preciso en el camino a transitar para salir de esta profunda crisis econ\u00f3mica y social. Alentamos a los gobernadores a sumarse al Pacto de Mayo que debe sentar las bases del desarrollo sostenible que necesita nuestra pa\u00eds con un comercio exterior con valor agregado que sea la clave del crecimiento\u201d, a\u00f1adi\u00f3.<\/p>\n<p>Poco tiempo despu\u00e9s, ese apoyo se traslad\u00f3 al<strong> Consejo Agroindustrial Argentino (CAA)<\/strong>, el bloque donde esas exportadoras conviven con m\u00faltiples c\u00e1maras y asociaciones de la cadena, pero no con las entidades de la Mesa de Enlace. \u201cInstamos a las fuerzas pol\u00edticas, gobiernos provinciales, legisladores y entidades gremiales empresariales y de trabajadores, a trabajar para lograr que el Mayo Cordob\u00e9s sea el punto de partida de una nueva Argentina que atraiga inversiones, genere empleo de calidad y pueda salir al mundo con productos con agregado de valor\u201d, indic\u00f3 ese bloque.<\/p>\n","protected":false},"excerpt":{"rendered":"<p>Frente al discurso y la convocatoria lanzada por el presidente Javier Milei en la apertura<\/p>\n","protected":false},"author":1,"featured_media":23942,"comment_status":"open","ping_status":"open","sticky":false,"template":"","format":"standard","meta":{"footnotes":""},"categories":[20],"tags":[],"class_list":["post-23941","post","type-post","status-publish","format-standard","has-post-thumbnail","hentry","category-actualidad"],"_links":{"self":[{"href":"https:\/\/informeagropecuario.com.ar\/index.php?rest_route=\/wp\/v2\/posts\/23941","targetHints":{"allow":["GET"]}}],"collection":[{"href":"https:\/\/informeagropecuario.com.ar\/index.php?rest_route=\/wp\/v2\/posts"}],"about":[{"href":"https:\/\/informeagropecuario.com.ar\/index.php?rest_route=\/wp\/v2\/types\/post"}],"author":[{"embeddable":true,"href":"https:\/\/informeagropecuario.com.ar\/index.php?rest_route=\/wp\/v2\/users\/1"}],"replies":[{"embeddable":true,"href":"https:\/\/informeagropecuario.com.ar\/index.php?rest_route=%2Fwp%2Fv2%2Fcomments&post=23941"}],"version-history":[{"count":1,"href":"https:\/\/informeagropecuario.com.ar\/index.php?rest_route=\/wp\/v2\/posts\/23941\/revisions"}],"predecessor-version":[{"id":23943,"href":"https:\/\/informeagropecuario.com.ar\/index.php?rest_route=\/wp\/v2\/posts\/23941\/revisions\/23943"}],"wp:featuredmedia":[{"embeddable":true,"href":"https:\/\/informeagropecuario.com.ar\/index.php?rest_route=\/wp\/v2\/media\/23942"}],"wp:attachment":[{"href":"https:\/\/informeagropecuario.com.ar\/index.php?rest_route=%2Fwp%2Fv2%2Fmedia&parent=23941"}],"wp:term":[{"taxonomy":"category","embeddable":true,"href":"https:\/\/informeagropecuario.com.ar\/index.php?rest_route=%2Fwp%2Fv2%2Fcategories&post=23941"},{"taxonomy":"post_tag","embeddable":true,"href":"https:\/\/informeagropecuario.com.ar\/index.php?rest_route=%2Fwp%2Fv2%2Ftags&post=23941"}],"curies":[{"name":"wp","href":"https:\/\/api.w.org\/{rel}","templated":true}]}}